{"id":154015,"date":"2020-01-17T10:00:22","date_gmt":"2020-01-17T12:00:22","guid":{"rendered":"https:\/\/diarioregionaldigital.com.br\/?p=154015"},"modified":"2020-01-16T18:50:47","modified_gmt":"2020-01-16T20:50:47","slug":"forca-tarefa-e-criada-para-impedir-eventos-irregulares-no-pre-carnaval-da-cidade","status":"publish","type":"post","link":"https:\/\/diarioregionaldigital.com.br\/?p=154015","title":{"rendered":"For\u00e7a-tarefa \u00e9 criada para impedir eventos irregulares no pr\u00e9-carnaval da cidade"},"content":{"rendered":"<p>Durante reuni\u00e3o realizada nessa semana, na Secretaria de Meio Ambiente e Ordenamento Urbano (Semaur), foi formalizada a cria\u00e7\u00e3o de uma for\u00e7a-tarefa reunindo a Prefeitura de Juiz de Fora (PJF), a Pol\u00edcia Militar, a Pol\u00edcia Civil e o Minist\u00e9rio P\u00fablico, para coibir a realiza\u00e7\u00e3o de qualquer evento n\u00e3o autorizado previamente no per\u00edodo do pr\u00e9-carnaval de Juiz de Fora. Tr\u00eas blocos irregulares anunciados em redes sociais para este final de semana, nas pra\u00e7as dos bairros Bom Pastor, Santa Terezinha e Eldorado, j\u00e1 est\u00e3o sendo monitorados e v\u00e3o sofrer a\u00e7\u00f5es preventivas e ostensivas no dia marcado.<\/p>\n<p>Os bares instalados em todo o entorno das pra\u00e7as destes bairros ser\u00e3o notificados anteriormente pela Semaur sobre a proibi\u00e7\u00e3o de promover os eventos e das poss\u00edveis san\u00e7\u00f5es administrativas e penais que podem sofrer caso participem da organiza\u00e7\u00e3o dos mesmos. Em cada local, no hor\u00e1rio marcado para os encontros, haver\u00e1 uma equipe da Pol\u00edcia Militar e da Prefeitura de Juiz de Fora, formada pela Guarda Municipal, agentes de tr\u00e2nsito e fiscaliza\u00e7\u00e3o de posturas, para coibir ambulantes, carros com som e verificar a venda de bebidas em vasilhame de vidro e o uso de serpentina met\u00e1lica. Tamb\u00e9m ser\u00e1 solicitada a presen\u00e7a do Comissariado de Menores para acompanhar toda a a\u00e7\u00e3o e punir a venda e o fornecimento de bebidas alco\u00f3licas para menores, o que \u00e9 crime previsto em lei.<\/p>\n<p>O Minist\u00e9rio P\u00fablico e a Pol\u00edcia Civil v\u00e3o acionar o setor de intelig\u00eancia da Coordenadoria Estadual de Combate aos Crimes Cibern\u00e9ticos para identificar os envolvidos pelas convoca\u00e7\u00f5es para eventos irregulares nas redes sociais e tomar as provid\u00eancias no \u00e2mbito criminal. Na pr\u00f3xima semana, uma nova reuni\u00e3o ser\u00e1 agendada para tratar das a\u00e7\u00f5es realizadas por esta for\u00e7a-tarefa e verificar se outros eventos foram agendados. A Funalfa alerta a popula\u00e7\u00e3o que nenhum bloco carnavalesco realizado antes do dia 7 de fevereiro est\u00e1 autorizado. Quem receber convites para algum evento e deseja confirmar se \u00e9 irregular ou n\u00e3o, pode acessar o site www.funalfa.com.br\/carnaval.<\/p>\n<p>&nbsp;<\/p>\n<p><strong>Fonte:\u00a0<\/strong>Assessoria<\/p>\n","protected":false},"excerpt":{"rendered":"<p>Durante reuni\u00e3o realizada nessa semana, na Secretaria de Meio Ambiente e Ordenamento Urbano (Semaur), foi formalizada a cria\u00e7\u00e3o de uma for\u00e7a-tarefa reunindo a Prefeitura de Juiz de Fora (PJF), a Pol\u00edcia Militar, a Pol\u00edcia Civil e o Minist\u00e9rio P\u00fablico, para coibir a realiza\u00e7\u00e3o de qualquer evento n\u00e3o autorizado previamente no per\u00edodo do pr\u00e9-carnaval de Juiz [&hellip;]<\/p>\n","protected":false},"author":96,"featured_media":154016,"comment_status":"closed","ping_status":"closed","sticky":false,"template":"","format":"standard","meta":{"footnotes":""},"categories":[253,436,440,439],"tags":[],"class_list":["post-154015","post","type-post","status-publish","format-standard","has-post-thumbnail","hentry","category-cidade","category-destaque-da-semana","category-destaques-do-dia","category-ultima-hora"],"_links":{"self":[{"href":"https:\/\/diarioregionaldigital.com.br\/index.php?rest_route=\/wp\/v2\/posts\/154015","targetHints":{"allow":["GET"]}}],"collection":[{"href":"https:\/\/diarioregionaldigital.com.br\/index.php?rest_route=\/wp\/v2\/posts"}],"about":[{"href":"https:\/\/diarioregionaldigital.com.br\/index.php?rest_route=\/wp\/v2\/types\/post"}],"author":[{"embeddable":true,"href":"https:\/\/diarioregionaldigital.com.br\/index.php?rest_route=\/wp\/v2\/users\/96"}],"replies":[{"embeddable":true,"href":"https:\/\/diarioregionaldigital.com.br\/index.php?rest_route=%2Fwp%2Fv2%2Fcomments&post=154015"}],"version-history":[{"count":0,"href":"https:\/\/diarioregionaldigital.com.br\/index.php?rest_route=\/wp\/v2\/posts\/154015\/revisions"}],"wp:featuredmedia":[{"embeddable":true,"href":"https:\/\/diarioregionaldigital.com.br\/index.php?rest_route=\/wp\/v2\/media\/154016"}],"wp:attachment":[{"href":"https:\/\/diarioregionaldigital.com.br\/index.php?rest_route=%2Fwp%2Fv2%2Fmedia&parent=154015"}],"wp:term":[{"taxonomy":"category","embeddable":true,"href":"https:\/\/diarioregionaldigital.com.br\/index.php?rest_route=%2Fwp%2Fv2%2Fcategories&post=154015"},{"taxonomy":"post_tag","embeddable":true,"href":"https:\/\/diarioregionaldigital.com.br\/index.php?rest_route=%2Fwp%2Fv2%2Ftags&post=154015"}],"curies":[{"name":"wp","href":"https:\/\/api.w.org\/{rel}","templated":true}]}}