{"id":154006,"date":"2020-01-17T08:00:19","date_gmt":"2020-01-17T10:00:19","guid":{"rendered":"https:\/\/diarioregionaldigital.com.br\/?p=154006"},"modified":"2020-01-16T18:44:01","modified_gmt":"2020-01-16T20:44:01","slug":"brasil-vai-com-15-atletas-para-o-campeonato-sul-americano-indoor-de-atletismo","status":"publish","type":"post","link":"https:\/\/diarioregionaldigital.com.br\/?p=154006","title":{"rendered":"Brasil vai com 15 atletas para o Campeonato Sul-americano indoor de atletismo"},"content":{"rendered":"<p>A Confedera\u00e7\u00e3o Brasileira de Atletismo (CBAt) convocou 15 atletas &#8211; oito homens e sete mulheres &#8211; para a disputa da primeira edi\u00e7\u00e3o do Campeonato Sul-Americano de Atletismo Indoor (pista coberta), que ser\u00e1 realizada nos dias 1 e 2 de fevereiro, em Cochabamba, na Bol\u00edvia.<\/p>\n<p>Em atendimento ao crit\u00e9rio de convoca\u00e7\u00e3o da CBAt para a primeira competi\u00e7\u00e3o internacional do ano, os atletas foram definidos por dois requisitos, sendo o primeiro ter \u00edndice para o Campeonato Mundial de Atletismo Indoor, que ser\u00e1 disputado de 13 a 15 de mar\u00e7o, em Nanjing, na China, e o segundo por sua coloca\u00e7\u00e3o no Ranking Sul-Americano Outdoor de 2019.<\/p>\n<p>&#8220;A CBAt entrou em contato com cada treinador e os atletas tiveram a participa\u00e7\u00e3o confirmada. A din\u00e2mica utilizada se mostrou positiva, uma vez que somente os atletas que realmente se preparam para a competi\u00e7\u00e3o est\u00e3o sendo convocados&#8221;, comentou Anderson Rosa, gerente t\u00e9cnico da CBAt.<\/p>\n<p>&nbsp;<\/p>\n<p>Veja a lista de convocados:<\/p>\n<p><strong>Masculino<\/strong><\/p>\n<p>Gabriel Constantino (Pinheiros-SP) &#8211; 60 m c\/barreiras<\/p>\n<p>Eduardo de Deus (Orcampi-SP) &#8211; 60 m c\/barreiras<\/p>\n<p>Anderson Henriques Freitas (Sogipa-RS) &#8211; 400 m<\/p>\n<p>Fernando Carvalho Ferreira (Orcampi -SP) &#8211; altura<\/p>\n<p>Thiago J\u00falio Alfano Moura (Orcampi-SP) &#8211; altura<\/p>\n<p>Alexsandro Melo (Orcampi-SP) &#8211; triplo<\/p>\n<p>Willian Denilson Dourado (ARPA-SP) &#8211; peso<\/p>\n<p>Mateus Daniel Ad\u00e3o de S\u00e1 (Pinheiros-SP) &#8211; triplo<\/p>\n<p>&nbsp;<\/p>\n<p><strong>Feminino<\/strong><\/p>\n<p>Rosangela Santos (Pinheiros-SP) &#8211; 60 m<\/p>\n<p>Tiffani Beatriz Marinho (Orcampi-SP) &#8211; 400 m<\/p>\n<p>Geisa Coutinho (Pinheiros-SP) &#8211; 400 m<\/p>\n<p>Valdil\u00e9ia Martins (Orcampi-SP) &#8211; altura<\/p>\n<p>Juliana de Menis Campos (Orcampi-SP) &#8211; vara<\/p>\n<p>Eliane Martins (Pinheiros-SP) &#8211; dist\u00e2ncia<\/p>\n<p>Geisa Arcanjo (Pinheiros-SP) &#8211; peso<\/p>\n<p>&nbsp;<\/p>\n<p><strong>Fonte:\u00a0<\/strong>COB<\/p>\n","protected":false},"excerpt":{"rendered":"<p>A Confedera\u00e7\u00e3o Brasileira de Atletismo (CBAt) convocou 15 atletas &#8211; oito homens e sete mulheres &#8211; para a disputa da primeira edi\u00e7\u00e3o do Campeonato Sul-Americano de Atletismo Indoor (pista coberta), que ser\u00e1 realizada nos dias 1 e 2 de fevereiro, em Cochabamba, na Bol\u00edvia. Em atendimento ao crit\u00e9rio de convoca\u00e7\u00e3o da CBAt para a primeira [&hellip;]<\/p>\n","protected":false},"author":96,"featured_media":154007,"comment_status":"closed","ping_status":"closed","sticky":false,"template":"","format":"standard","meta":{"footnotes":""},"categories":[436,257,439],"tags":[],"class_list":["post-154006","post","type-post","status-publish","format-standard","has-post-thumbnail","hentry","category-destaque-da-semana","category-esporte","category-ultima-hora"],"_links":{"self":[{"href":"https:\/\/diarioregionaldigital.com.br\/index.php?rest_route=\/wp\/v2\/posts\/154006","targetHints":{"allow":["GET"]}}],"collection":[{"href":"https:\/\/diarioregionaldigital.com.br\/index.php?rest_route=\/wp\/v2\/posts"}],"about":[{"href":"https:\/\/diarioregionaldigital.com.br\/index.php?rest_route=\/wp\/v2\/types\/post"}],"author":[{"embeddable":true,"href":"https:\/\/diarioregionaldigital.com.br\/index.php?rest_route=\/wp\/v2\/users\/96"}],"replies":[{"embeddable":true,"href":"https:\/\/diarioregionaldigital.com.br\/index.php?rest_route=%2Fwp%2Fv2%2Fcomments&post=154006"}],"version-history":[{"count":0,"href":"https:\/\/diarioregionaldigital.com.br\/index.php?rest_route=\/wp\/v2\/posts\/154006\/revisions"}],"wp:featuredmedia":[{"embeddable":true,"href":"https:\/\/diarioregionaldigital.com.br\/index.php?rest_route=\/wp\/v2\/media\/154007"}],"wp:attachment":[{"href":"https:\/\/diarioregionaldigital.com.br\/index.php?rest_route=%2Fwp%2Fv2%2Fmedia&parent=154006"}],"wp:term":[{"taxonomy":"category","embeddable":true,"href":"https:\/\/diarioregionaldigital.com.br\/index.php?rest_route=%2Fwp%2Fv2%2Fcategories&post=154006"},{"taxonomy":"post_tag","embeddable":true,"href":"https:\/\/diarioregionaldigital.com.br\/index.php?rest_route=%2Fwp%2Fv2%2Ftags&post=154006"}],"curies":[{"name":"wp","href":"https:\/\/api.w.org\/{rel}","templated":true}]}}