{"id":154003,"date":"2020-01-17T07:00:27","date_gmt":"2020-01-17T09:00:27","guid":{"rendered":"https:\/\/diarioregionaldigital.com.br\/?p=154003"},"modified":"2020-01-16T18:42:02","modified_gmt":"2020-01-16T20:42:02","slug":"inflacao-pelo-indice-geral-de-precos-10-cai-de-169-para-107","status":"publish","type":"post","link":"https:\/\/diarioregionaldigital.com.br\/?p=154003","title":{"rendered":"Infla\u00e7\u00e3o pelo \u00cdndice Geral de Pre\u00e7os\u201310 cai de 1,69% para 1,07%"},"content":{"rendered":"<p>O \u00cdndice Geral de Pre\u00e7os\u201310 (IGP-10) registrou infla\u00e7\u00e3o de 1,07% em janeiro deste ano, taxa inferior ao 1,69% de dezembro. O \u00edndice \u00e9, no entanto, superior ao 0,26% de janeiro de 2019.<\/p>\n<p>Segundo a Funda\u00e7\u00e3o Getulio Vargas (FGV), o IGP-10 acumula 7,81% em 12 meses.<\/p>\n<p>Entre os sub\u00edndices que comp\u00f5em o \u00edndice, a maior alta foi registrada no \u00cdndice de Pre\u00e7os ao Produtor Amplo, que mede o atacado e teve infla\u00e7\u00e3o de 1,38% em janeiro.<\/p>\n<p>Apesar de ter registrado a maior taxa do IGP-10 em janeiro, o \u00cdndice de Pre\u00e7os ao Produtor Amplo teve queda em rela\u00e7\u00e3o a dezembro de 2019, j\u00e1 que naquele m\u00eas a infla\u00e7\u00e3o tinha ficado em 2,26%.<\/p>\n<p>O \u00cdndice de Pre\u00e7os ao Consumidor, que mede o varejo, tamb\u00e9m teve uma taxa infla\u00e7\u00e3o menor em janeiro (0,51%) do que em fevereiro (0,75%).<\/p>\n<p>De acordo com a FGV, a infla\u00e7\u00e3o do \u00cdndice Nacional de Custo da Constru\u00e7\u00e3o subiu de 0,06% em dezembro para 0,24% em janeiro.<\/p>\n<p>&nbsp;<\/p>\n<p><strong>Fonte:<\/strong>\u00a0Ag\u00eancia Brasil<\/p>\n","protected":false},"excerpt":{"rendered":"<p>O \u00cdndice Geral de Pre\u00e7os\u201310 (IGP-10) registrou infla\u00e7\u00e3o de 1,07% em janeiro deste ano, taxa inferior ao 1,69% de dezembro. O \u00edndice \u00e9, no entanto, superior ao 0,26% de janeiro de 2019. Segundo a Funda\u00e7\u00e3o Getulio Vargas (FGV), o IGP-10 acumula 7,81% em 12 meses. Entre os sub\u00edndices que comp\u00f5em o \u00edndice, a maior alta [&hellip;]<\/p>\n","protected":false},"author":96,"featured_media":154004,"comment_status":"closed","ping_status":"closed","sticky":false,"template":"","format":"standard","meta":{"footnotes":""},"categories":[436,440,261,439],"tags":[],"class_list":["post-154003","post","type-post","status-publish","format-standard","has-post-thumbnail","hentry","category-destaque-da-semana","category-destaques-do-dia","category-economia","category-ultima-hora"],"_links":{"self":[{"href":"https:\/\/diarioregionaldigital.com.br\/index.php?rest_route=\/wp\/v2\/posts\/154003","targetHints":{"allow":["GET"]}}],"collection":[{"href":"https:\/\/diarioregionaldigital.com.br\/index.php?rest_route=\/wp\/v2\/posts"}],"about":[{"href":"https:\/\/diarioregionaldigital.com.br\/index.php?rest_route=\/wp\/v2\/types\/post"}],"author":[{"embeddable":true,"href":"https:\/\/diarioregionaldigital.com.br\/index.php?rest_route=\/wp\/v2\/users\/96"}],"replies":[{"embeddable":true,"href":"https:\/\/diarioregionaldigital.com.br\/index.php?rest_route=%2Fwp%2Fv2%2Fcomments&post=154003"}],"version-history":[{"count":0,"href":"https:\/\/diarioregionaldigital.com.br\/index.php?rest_route=\/wp\/v2\/posts\/154003\/revisions"}],"wp:featuredmedia":[{"embeddable":true,"href":"https:\/\/diarioregionaldigital.com.br\/index.php?rest_route=\/wp\/v2\/media\/154004"}],"wp:attachment":[{"href":"https:\/\/diarioregionaldigital.com.br\/index.php?rest_route=%2Fwp%2Fv2%2Fmedia&parent=154003"}],"wp:term":[{"taxonomy":"category","embeddable":true,"href":"https:\/\/diarioregionaldigital.com.br\/index.php?rest_route=%2Fwp%2Fv2%2Fcategories&post=154003"},{"taxonomy":"post_tag","embeddable":true,"href":"https:\/\/diarioregionaldigital.com.br\/index.php?rest_route=%2Fwp%2Fv2%2Ftags&post=154003"}],"curies":[{"name":"wp","href":"https:\/\/api.w.org\/{rel}","templated":true}]}}