{"id":153997,"date":"2020-01-17T05:00:52","date_gmt":"2020-01-17T07:00:52","guid":{"rendered":"https:\/\/diarioregionaldigital.com.br\/?p=153997"},"modified":"2020-01-16T18:38:03","modified_gmt":"2020-01-16T20:38:03","slug":"governo-criara-secretaria-para-agilizar-entrada-do-brasil-na-ocde","status":"publish","type":"post","link":"https:\/\/diarioregionaldigital.com.br\/?p=153997","title":{"rendered":"Governo criar\u00e1 secretaria para agilizar entrada do Brasil na OCDE"},"content":{"rendered":"<p>O ministro da Casa Civil, Onyx Lorenzoni que o governo criar\u00e1 uma secretaria para se debru\u00e7ar sobre as rela\u00e7\u00f5es do Brasil com a Organiza\u00e7\u00e3o para a Coopera\u00e7\u00e3o e Desenvolvimento Econ\u00f4mico (OCDE) e com os pa\u00edses-membros do grupo. O decreto de cria\u00e7\u00e3o da nova estrutura, que integrar\u00e1 a estrutura da Casa Civil, deve sair at\u00e9 a pr\u00f3xima segunda-feira (20).<\/p>\n<p>Onyx se reuniu, na manh\u00e3 dessa \u00faltima quinta-feira (16), na Embaixada dos Estados Unidos, em Bras\u00edlia, com o Encarregado interino de Neg\u00f3cios, William Popp, para agradecer o apoio do pa\u00eds norte-americano \u00e0 ades\u00e3o do Brasil \u00e0 organiza\u00e7\u00e3o.<\/p>\n<p>O governo dos EUA informou, na ter\u00e7a-feira (14), que pretende indicar o Brasil como membro pleno da OCDE e saudou os esfor\u00e7os cont\u00ednuos do governo brasileiro em rela\u00e7\u00e3o \u00e0s reformas econ\u00f4micas, melhores pr\u00e1ticas e conformidade com as normas da entidade .<\/p>\n<p>\u201cEsse [a ades\u00e3o \u00e0 OCDE] \u00e9 um processo que leva, em m\u00e9dia, em torno de tr\u00eas anos. A conversa com o embaixador William Popp \u00e9 no sentido de que o Brasil vai se esmerar muito nisso. Por determina\u00e7\u00e3o do presidente [Jair] Bolsonaro, n\u00f3s estamos criando uma secretaria espec\u00edfica, que vai se debru\u00e7ar sobre a OCDE, para poder melhorar nossa rela\u00e7\u00e3o com o organismo internacional, com os pa\u00edses-membros que sejam mais fortes dentro da OCDE, buscar cada um dos passos de acredita\u00e7\u00e3o para que o Brasil no mais curto espa\u00e7o de tempo possa ser membro desse time, que \u00e9 o time que vence no mundo\u201d, disse o ministro.<\/p>\n<p>A OCDE re\u00fane os pa\u00edses mais industrializados do mundo e estabelece par\u00e2metros conjuntos de regras econ\u00f4micas e legislativas para os seus membros. De acordo com Onyx, o Brasil j\u00e1 tem 66 itens acreditados junto \u00e0 entidade dos 234 que s\u00e3o necess\u00e1rios para a ades\u00e3o. Entre eles, o ministro citou princ\u00edpios de governan\u00e7a p\u00fablica, como a digitaliza\u00e7\u00e3o de servi\u00e7os ao cidad\u00e3o e a transpar\u00eancia.<\/p>\n<p>A OCDE tem 36 pa\u00edses-membros, a maioria da Europa. Da Am\u00e9rica Latina, apenas o Chile e o M\u00e9xico est\u00e3o no grupo.<\/p>\n<p>&nbsp;<\/p>\n<p><strong>Fonte:<\/strong> Ag\u00eancia Brasil<\/p>\n","protected":false},"excerpt":{"rendered":"<p>O ministro da Casa Civil, Onyx Lorenzoni que o governo criar\u00e1 uma secretaria para se debru\u00e7ar sobre as rela\u00e7\u00f5es do Brasil com a Organiza\u00e7\u00e3o para a Coopera\u00e7\u00e3o e Desenvolvimento Econ\u00f4mico (OCDE) e com os pa\u00edses-membros do grupo. O decreto de cria\u00e7\u00e3o da nova estrutura, que integrar\u00e1 a estrutura da Casa Civil, deve sair at\u00e9 a [&hellip;]<\/p>\n","protected":false},"author":96,"featured_media":153998,"comment_status":"closed","ping_status":"closed","sticky":false,"template":"","format":"standard","meta":{"footnotes":""},"categories":[436,254,439],"tags":[],"class_list":["post-153997","post","type-post","status-publish","format-standard","has-post-thumbnail","hentry","category-destaque-da-semana","category-politica","category-ultima-hora"],"_links":{"self":[{"href":"https:\/\/diarioregionaldigital.com.br\/index.php?rest_route=\/wp\/v2\/posts\/153997","targetHints":{"allow":["GET"]}}],"collection":[{"href":"https:\/\/diarioregionaldigital.com.br\/index.php?rest_route=\/wp\/v2\/posts"}],"about":[{"href":"https:\/\/diarioregionaldigital.com.br\/index.php?rest_route=\/wp\/v2\/types\/post"}],"author":[{"embeddable":true,"href":"https:\/\/diarioregionaldigital.com.br\/index.php?rest_route=\/wp\/v2\/users\/96"}],"replies":[{"embeddable":true,"href":"https:\/\/diarioregionaldigital.com.br\/index.php?rest_route=%2Fwp%2Fv2%2Fcomments&post=153997"}],"version-history":[{"count":0,"href":"https:\/\/diarioregionaldigital.com.br\/index.php?rest_route=\/wp\/v2\/posts\/153997\/revisions"}],"wp:featuredmedia":[{"embeddable":true,"href":"https:\/\/diarioregionaldigital.com.br\/index.php?rest_route=\/wp\/v2\/media\/153998"}],"wp:attachment":[{"href":"https:\/\/diarioregionaldigital.com.br\/index.php?rest_route=%2Fwp%2Fv2%2Fmedia&parent=153997"}],"wp:term":[{"taxonomy":"category","embeddable":true,"href":"https:\/\/diarioregionaldigital.com.br\/index.php?rest_route=%2Fwp%2Fv2%2Fcategories&post=153997"},{"taxonomy":"post_tag","embeddable":true,"href":"https:\/\/diarioregionaldigital.com.br\/index.php?rest_route=%2Fwp%2Fv2%2Ftags&post=153997"}],"curies":[{"name":"wp","href":"https:\/\/api.w.org\/{rel}","templated":true}]}}