{"id":153994,"date":"2020-01-16T18:32:33","date_gmt":"2020-01-16T20:32:33","guid":{"rendered":"https:\/\/diarioregionaldigital.com.br\/?p=153994"},"modified":"2020-01-16T18:32:33","modified_gmt":"2020-01-16T20:32:33","slug":"laboratorio-olimpico-comeca-a-temporada-2020-com-recorde-de-avaliacoes","status":"publish","type":"post","link":"https:\/\/diarioregionaldigital.com.br\/?p=153994","title":{"rendered":"Laborat\u00f3rio Ol\u00edmpico come\u00e7a a temporada 2020 com recorde de avalia\u00e7\u00f5es"},"content":{"rendered":"<p>A menos de 200 dias dos Jogos Ol\u00edmpicos, o Time Brasil entra na reta final de prepara\u00e7\u00e3o para T\u00f3quio 2020. Enquanto alguns atletas e equipes j\u00e1 est\u00e3o garantidos no evento, outros ainda seguem em busca da classifica\u00e7\u00e3o. Mas, independentemente do est\u00e1gio em que se encontram, o Comit\u00ea Ol\u00edmpico do Brasil (COB) tem na Ci\u00eancia do Esporte uma importante aliada para atingir grandes resultados no Jap\u00e3o. Com o in\u00edcio da temporada, o Laborat\u00f3rio Ol\u00edmpico, parte integrante do Centro de Treinamento Time Brasil, localizado no Parque Aqu\u00e1tico Maria Lenk, Rio de Janeiro, \u00e9 o local principal para as avalia\u00e7\u00f5es que nortear\u00e3o o planejamento dos treinadores.<\/p>\n<p>Prova disso \u00e9 o recorde de atletas que ser\u00e3o atendidos pelo Laborat\u00f3rio Ol\u00edmpico no primeiro m\u00eas do ano: 73, o que corresponde a um crescimento de 43% em rela\u00e7\u00e3o a janeiro de 2019 (51). Considerando que parte deles precisa de, pelo menos, dois dias para finalizar os testes e avalia\u00e7\u00f5es, esse n\u00famero se torna ainda mais expressivo: 131 atendimentos, de 11 modalidades.<\/p>\n<p>&nbsp;<\/p>\n<p>\u201cAcredito que, al\u00e9m do fator T\u00f3quio 2020, os treinadores t\u00eam demonstrado cada vez maior interesse em receber esses dados e utilizar a ci\u00eancia na prepara\u00e7\u00e3o dos seus atletas. Eles sabem que a diferen\u00e7a para a conquista ou n\u00e3o de uma medalha vem dos detalhes. Ent\u00e3o, eles querem todos os tipos de informa\u00e7\u00f5es que possam trazer uma melhora de desempenho\u201d, diz Jorge Bichara, diretor de Esportes do COB, que comenta tamb\u00e9m o aumento no n\u00famero de atendimentos: \u201cvejo o Laborat\u00f3rio Ol\u00edmpico colocando todos os seus profissionais, equipamentos e servi\u00e7os \u00e0 disposi\u00e7\u00e3o, visando atender a maior quantidade de atletas poss\u00edvel e podendo contribuir com essa reta final de prepara\u00e7\u00e3o.\u201d<\/p>\n<p>Outro aspecto que merece destaque \u00e9 a presen\u00e7a cada vez maior de testes e avalia\u00e7\u00f5es do Laborat\u00f3rio Ol\u00edmpico em ambientes externos, isto \u00e9, fora de suas depend\u00eancias no Parque Aqu\u00e1tico Maria Lenk, indo ao local de treinamento dos atletas.<\/p>\n<p>Neste m\u00eas, parte da estrutura do Laborat\u00f3rio j\u00e1 foi levada \u00e0 Escola de Educa\u00e7\u00e3o F\u00edsica do Ex\u00e9rcito (EsEFEx), na Urca, para atender ao marchador Caio Bonfim, e ao Clube da Aeron\u00e1utica, na Barra da Tijuca, para o camping de velocidade e barreiras, que re\u00fane 12 atletas, como Paulo Andr\u00e9, Alison dos Santos e Vit\u00f3ria Rosa. Ainda est\u00e1 prevista uma visita ao centro de treinamento da dupla \u00c1gatha\/Duda.<\/p>\n<p>\u201cA proposta do Laborat\u00f3rio \u00e9 justamente essa, estar cada vez mais pr\u00f3ximo do ambiente real de treinamento dos atletas, onde eles se sentem \u00e0 vontade para realizar as avalia\u00e7\u00f5es. Isso torna os dados ainda mais fidedignos, permitindo que eles rendam o m\u00e1ximo\u201d, explica Bichara.<\/p>\n<p>Dentre os 73 atletas j\u00e1 atendidos pelo Laborat\u00f3rio Ol\u00edmpico este m\u00eas, est\u00e3o: Ana Marcela Cunha (maratonas aqu\u00e1ticas), Fl\u00e1via Saraiva (gin\u00e1stica art\u00edstica), Jorge Zarif (vela), Martine Grael\/Kahena Kunze (vela) e Bruno Schmidt\/Evandro (v\u00f4lei de praia), todos garantidos em T\u00f3quio 2020, al\u00e9m da Sele\u00e7\u00e3o Brasileira feminina de basquete, em prepara\u00e7\u00e3o para o Pr\u00e9-Ol\u00edmpico. Ainda passar\u00e3o pelo local em janeiro as seguintes modalidades: atletismo, boxe, levantamento de pesos, maratonas aqu\u00e1ticas, surfe, vela e v\u00f4lei de praia.<\/p>\n<p>&nbsp;<\/p>\n<p><strong>Fonte:<\/strong>\u00a0COB<\/p>\n","protected":false},"excerpt":{"rendered":"<p>A menos de 200 dias dos Jogos Ol\u00edmpicos, o Time Brasil entra na reta final de prepara\u00e7\u00e3o para T\u00f3quio 2020. Enquanto alguns atletas e equipes j\u00e1 est\u00e3o garantidos no evento, outros ainda seguem em busca da classifica\u00e7\u00e3o. Mas, independentemente do est\u00e1gio em que se encontram, o Comit\u00ea Ol\u00edmpico do Brasil (COB) tem na Ci\u00eancia do [&hellip;]<\/p>\n","protected":false},"author":96,"featured_media":153995,"comment_status":"closed","ping_status":"closed","sticky":false,"template":"","format":"standard","meta":{"footnotes":""},"categories":[436,257,439],"tags":[],"class_list":["post-153994","post","type-post","status-publish","format-standard","has-post-thumbnail","hentry","category-destaque-da-semana","category-esporte","category-ultima-hora"],"_links":{"self":[{"href":"https:\/\/diarioregionaldigital.com.br\/index.php?rest_route=\/wp\/v2\/posts\/153994","targetHints":{"allow":["GET"]}}],"collection":[{"href":"https:\/\/diarioregionaldigital.com.br\/index.php?rest_route=\/wp\/v2\/posts"}],"about":[{"href":"https:\/\/diarioregionaldigital.com.br\/index.php?rest_route=\/wp\/v2\/types\/post"}],"author":[{"embeddable":true,"href":"https:\/\/diarioregionaldigital.com.br\/index.php?rest_route=\/wp\/v2\/users\/96"}],"replies":[{"embeddable":true,"href":"https:\/\/diarioregionaldigital.com.br\/index.php?rest_route=%2Fwp%2Fv2%2Fcomments&post=153994"}],"version-history":[{"count":0,"href":"https:\/\/diarioregionaldigital.com.br\/index.php?rest_route=\/wp\/v2\/posts\/153994\/revisions"}],"wp:featuredmedia":[{"embeddable":true,"href":"https:\/\/diarioregionaldigital.com.br\/index.php?rest_route=\/wp\/v2\/media\/153995"}],"wp:attachment":[{"href":"https:\/\/diarioregionaldigital.com.br\/index.php?rest_route=%2Fwp%2Fv2%2Fmedia&parent=153994"}],"wp:term":[{"taxonomy":"category","embeddable":true,"href":"https:\/\/diarioregionaldigital.com.br\/index.php?rest_route=%2Fwp%2Fv2%2Fcategories&post=153994"},{"taxonomy":"post_tag","embeddable":true,"href":"https:\/\/diarioregionaldigital.com.br\/index.php?rest_route=%2Fwp%2Fv2%2Ftags&post=153994"}],"curies":[{"name":"wp","href":"https:\/\/api.w.org\/{rel}","templated":true}]}}