{"id":153979,"date":"2020-01-16T17:40:39","date_gmt":"2020-01-16T19:40:39","guid":{"rendered":"https:\/\/diarioregionaldigital.com.br\/?p=153979"},"modified":"2020-01-16T17:40:39","modified_gmt":"2020-01-16T19:40:39","slug":"ufjf-disponibiliza-resultado-final-do-modulo-iii-do-pism","status":"publish","type":"post","link":"https:\/\/diarioregionaldigital.com.br\/?p=153979","title":{"rendered":"UFJF disponibiliza resultado final do m\u00f3dulo III do PISM"},"content":{"rendered":"<p>&nbsp;<\/p>\n<p><span style=\"font-weight: 400;\">A Universidade Federal de Juiz de Fora (UFJF) divulgou nessa quinta-feira (16), o resultado final do m\u00f3dulo III do Processo Intensivo Seletivo Misto (PISM) 2020. Os candidatos podem acessar atrav\u00e9s do portal da Coordena\u00e7\u00e3o Geral de Processos Seletivos (Copese) e os que tiveram pedidos de recursos aceitos, poder\u00e3o ver as altera\u00e7\u00f5es nas notas.<\/span><\/p>\n<p><span style=\"font-weight: 400;\">Nesta edi\u00e7\u00e3o teve distribui\u00e7\u00e3o de um total de <\/span><span style=\"font-weight: 400;\">2.303 vagas em 76 cursos, sendo 1.167 vagas para o primeiro semestre no campus sede e, 213 no campus avan\u00e7ado. <\/span><span style=\"font-weight: 400;\">\u00a0<\/span><\/p>\n<p><span style=\"font-weight: 400;\">A Copese disponibilizou tamb\u00e9m as pontua\u00e7\u00f5es m\u00e1ximas e m\u00ednimas para aprova\u00e7\u00e3o do tri\u00eanio 2017-2019 e teve o curso de Medicina alcan\u00e7ando a maior nota no geral de 1.136 pontos pela Cota E.<\/span><\/p>\n<p><span style=\"font-weight: 400;\">Os estudantes que n\u00e3o conseguiram aprova\u00e7\u00e3o, dever\u00e3o estar atentos ao cronograma de reclassifica\u00e7\u00e3o dispon\u00edvel no site da Cdara. Para este primeiro semestre, est\u00e3o previstas 5 chamadas e para o pr\u00f3ximo ser\u00e3o 9.<\/span><\/p>\n<p>&nbsp;<\/p>\n<p><b>Matr\u00edcula<\/b><\/p>\n<p><span style=\"font-weight: 400;\">A pr\u00e9-matr\u00edcula on-line para os aprovados na chamada regular deve ser feita do dia 22 a 26 de janeiro. J\u00e1 a 1\u00aa matr\u00edcula presencial ocorre no campus sede nos dias 30 e 31 de janeiro, e em Governador Valadares nos dias 3 e 4 de fevereiro. As datas e\u00a0 hor\u00e1rios s\u00e3o diferentes para cada curso e, devem ser consultados no cronograma disponibilizado no site da Cdara. Para realizar a matr\u00edcula presencial, \u00e9 preciso ter feito a pr\u00e9-matr\u00edcula on-line e portar os documentos exigidos de acordo com o grupo de vagas do candidato. Os prazos para pr\u00e9-matr\u00edcula on-line e matr\u00edculas presencial tamb\u00e9m s\u00e3o v\u00e1lidos para quem foi aprovado na chamada regular para ingresso no 2\u00ba semestre. As datas podem sofrer altera\u00e7\u00e3o.<\/span><\/p>\n<p>&nbsp;<\/p>\n<p><b>Notas do PISM I e II<\/b><\/p>\n<p><span style=\"font-weight: 400;\">Os candidatos dos m\u00f3dulos I e II ter\u00e3o acesso ao resultado final no dia 10 de mar\u00e7o. Os pedidos de recursos podem ser solicitados em at\u00e9 dois conte\u00fados e os estudantes devem pagar o valor de R$ 24,00. Caso a Copese n\u00e3o acate o pedido de recurso, os candidatos ser\u00e3o reembolsados e os pedidos devem ser feitos de forma presencial na Central de Atendimento no Campus da UFJF em Juiz de Fora ou atrav\u00e9s do e-mail vestibular@ufjf.edu.br no dia 11 de mar\u00e7o.\u00a0<\/span><\/p>\n<p>&nbsp;<\/p>\n<p>&nbsp;<\/p>\n","protected":false},"excerpt":{"rendered":"<p>&nbsp; A Universidade Federal de Juiz de Fora (UFJF) divulgou nessa quinta-feira (16), o resultado final do m\u00f3dulo III do Processo Intensivo Seletivo Misto (PISM) 2020. Os candidatos podem acessar atrav\u00e9s do portal da Coordena\u00e7\u00e3o Geral de Processos Seletivos (Copese) e os que tiveram pedidos de recursos aceitos, poder\u00e3o ver as altera\u00e7\u00f5es nas notas. Nesta [&hellip;]<\/p>\n","protected":false},"author":96,"featured_media":153980,"comment_status":"closed","ping_status":"closed","sticky":false,"template":"","format":"standard","meta":{"footnotes":""},"categories":[253,436,440,439],"tags":[],"class_list":["post-153979","post","type-post","status-publish","format-standard","has-post-thumbnail","hentry","category-cidade","category-destaque-da-semana","category-destaques-do-dia","category-ultima-hora"],"_links":{"self":[{"href":"https:\/\/diarioregionaldigital.com.br\/index.php?rest_route=\/wp\/v2\/posts\/153979","targetHints":{"allow":["GET"]}}],"collection":[{"href":"https:\/\/diarioregionaldigital.com.br\/index.php?rest_route=\/wp\/v2\/posts"}],"about":[{"href":"https:\/\/diarioregionaldigital.com.br\/index.php?rest_route=\/wp\/v2\/types\/post"}],"author":[{"embeddable":true,"href":"https:\/\/diarioregionaldigital.com.br\/index.php?rest_route=\/wp\/v2\/users\/96"}],"replies":[{"embeddable":true,"href":"https:\/\/diarioregionaldigital.com.br\/index.php?rest_route=%2Fwp%2Fv2%2Fcomments&post=153979"}],"version-history":[{"count":0,"href":"https:\/\/diarioregionaldigital.com.br\/index.php?rest_route=\/wp\/v2\/posts\/153979\/revisions"}],"wp:featuredmedia":[{"embeddable":true,"href":"https:\/\/diarioregionaldigital.com.br\/index.php?rest_route=\/wp\/v2\/media\/153980"}],"wp:attachment":[{"href":"https:\/\/diarioregionaldigital.com.br\/index.php?rest_route=%2Fwp%2Fv2%2Fmedia&parent=153979"}],"wp:term":[{"taxonomy":"category","embeddable":true,"href":"https:\/\/diarioregionaldigital.com.br\/index.php?rest_route=%2Fwp%2Fv2%2Fcategories&post=153979"},{"taxonomy":"post_tag","embeddable":true,"href":"https:\/\/diarioregionaldigital.com.br\/index.php?rest_route=%2Fwp%2Fv2%2Ftags&post=153979"}],"curies":[{"name":"wp","href":"https:\/\/api.w.org\/{rel}","templated":true}]}}