{"id":153976,"date":"2020-01-16T15:34:08","date_gmt":"2020-01-16T17:34:08","guid":{"rendered":"https:\/\/diarioregionaldigital.com.br\/?p=153976"},"modified":"2020-01-16T15:34:08","modified_gmt":"2020-01-16T17:34:08","slug":"selecao-olimpica-desembarca-na-colombia-para-o-torneio-pre-olimpico","status":"publish","type":"post","link":"https:\/\/diarioregionaldigital.com.br\/?p=153976","title":{"rendered":"Sele\u00e7\u00e3o Ol\u00edmpica desembarca na Col\u00f4mbia para o Torneio Pr\u00e9-Ol\u00edmpico"},"content":{"rendered":"<p>Atra\u00e7\u00f5es musicais e de dan\u00e7a t\u00edpicas foram a surpresa no desembarque da Sele\u00e7\u00e3o Ol\u00edmpica em Arm\u00eania, na Col\u00f4mbia, na tarde dessa quarta-feira (15). A delega\u00e7\u00e3o desembarcou por volta das 15h na cidade, que \u00e9 uma das sedes do Torneio Pr\u00e9-Ol\u00edmpico. A anima\u00e7\u00e3o j\u00e1 empolgou os atletas ainda na pista do aeroporto El \u00c9den. De l\u00e1, o grupo seguiu direto para o Hotel Las Cam\u00e9lias, a casa da Sele\u00e7\u00e3o Brasileira durante a primeira fase da competi\u00e7\u00e3o.<\/p>\n<p>\u201cNossa viagem foi bem tranquila. Chegamos bem. Agora \u00e9 concentra\u00e7\u00e3o total e muito trabalho para conquistarmos essa vaga nas Olimp\u00edadas para o Brasil\u201d disse o lateral direito Dod\u00f4, na chegada ao aeroporto El \u00c9den, em Arm\u00eania.<\/p>\n<p>Na chegada ao hotel, mais anima\u00e7\u00e3o com m\u00fasicas e um casal de dan\u00e7a vestido com as cores da bandeira colombiana. Em seguida, o grupo foi para o almo\u00e7o depois das quase sete horas de viagem desde a decolagem no Rio de Janeiro, conex\u00e3o em Bogot\u00e1 e o \u00faltimo trecho at\u00e9 Arm\u00eania.<\/p>\n<p>Neste primeiro dia na Col\u00f4mbia, a comiss\u00e3o t\u00e9cnica realizar\u00e1 uma atividade leve com os atletas no campo do pr\u00f3prio hotel. Nessa quinta-feira (16), os treinos recome\u00e7am no ritmo do per\u00edodo na Granja Comary: intensos at\u00e9 a estreia contra o Peru, no domingo (19), \u00e0s 20h30 (hor\u00e1rio local &#8211; 22h30 de Bras\u00edlia).<\/p>\n<p>&nbsp;<\/p>\n<p><strong>Fonte:\u00a0<\/strong>CBF<\/p>\n","protected":false},"excerpt":{"rendered":"<p>Atra\u00e7\u00f5es musicais e de dan\u00e7a t\u00edpicas foram a surpresa no desembarque da Sele\u00e7\u00e3o Ol\u00edmpica em Arm\u00eania, na Col\u00f4mbia, na tarde dessa quarta-feira (15). A delega\u00e7\u00e3o desembarcou por volta das 15h na cidade, que \u00e9 uma das sedes do Torneio Pr\u00e9-Ol\u00edmpico. A anima\u00e7\u00e3o j\u00e1 empolgou os atletas ainda na pista do aeroporto El \u00c9den. De l\u00e1, [&hellip;]<\/p>\n","protected":false},"author":96,"featured_media":153977,"comment_status":"closed","ping_status":"closed","sticky":false,"template":"","format":"standard","meta":{"footnotes":""},"categories":[436,257,439],"tags":[],"class_list":["post-153976","post","type-post","status-publish","format-standard","has-post-thumbnail","hentry","category-destaque-da-semana","category-esporte","category-ultima-hora"],"_links":{"self":[{"href":"https:\/\/diarioregionaldigital.com.br\/index.php?rest_route=\/wp\/v2\/posts\/153976","targetHints":{"allow":["GET"]}}],"collection":[{"href":"https:\/\/diarioregionaldigital.com.br\/index.php?rest_route=\/wp\/v2\/posts"}],"about":[{"href":"https:\/\/diarioregionaldigital.com.br\/index.php?rest_route=\/wp\/v2\/types\/post"}],"author":[{"embeddable":true,"href":"https:\/\/diarioregionaldigital.com.br\/index.php?rest_route=\/wp\/v2\/users\/96"}],"replies":[{"embeddable":true,"href":"https:\/\/diarioregionaldigital.com.br\/index.php?rest_route=%2Fwp%2Fv2%2Fcomments&post=153976"}],"version-history":[{"count":0,"href":"https:\/\/diarioregionaldigital.com.br\/index.php?rest_route=\/wp\/v2\/posts\/153976\/revisions"}],"wp:featuredmedia":[{"embeddable":true,"href":"https:\/\/diarioregionaldigital.com.br\/index.php?rest_route=\/wp\/v2\/media\/153977"}],"wp:attachment":[{"href":"https:\/\/diarioregionaldigital.com.br\/index.php?rest_route=%2Fwp%2Fv2%2Fmedia&parent=153976"}],"wp:term":[{"taxonomy":"category","embeddable":true,"href":"https:\/\/diarioregionaldigital.com.br\/index.php?rest_route=%2Fwp%2Fv2%2Fcategories&post=153976"},{"taxonomy":"post_tag","embeddable":true,"href":"https:\/\/diarioregionaldigital.com.br\/index.php?rest_route=%2Fwp%2Fv2%2Ftags&post=153976"}],"curies":[{"name":"wp","href":"https:\/\/api.w.org\/{rel}","templated":true}]}}