{"id":153973,"date":"2020-01-16T15:32:14","date_gmt":"2020-01-16T17:32:14","guid":{"rendered":"https:\/\/diarioregionaldigital.com.br\/?p=153973"},"modified":"2020-01-16T15:32:14","modified_gmt":"2020-01-16T17:32:14","slug":"skeleton-e-bobsled-realizam-ultimos-treinos-antes-da-competir-em-lausanne-2020","status":"publish","type":"post","link":"https:\/\/diarioregionaldigital.com.br\/?p=153973","title":{"rendered":"Skeleton e bobsled realizam \u00faltimos treinos antes da competir em Lausanne 2020"},"content":{"rendered":"<p>Os Jogos Ol\u00edmpicos da Juventude de Inverno entram na segunda semana de competi\u00e7\u00f5es. Seguindo o conceito de sustentabilidade, a Vila ter\u00e1 a despedida de quem competiu na primeira semana e a chegada dos novos atletas. Mas o Time Brasil tem uma turma que s\u00f3 competir\u00e1 nos dias 19 e 20 e j\u00e1 est\u00e1 desde o dia 06 na Su\u00ed\u00e7a, treinando. S\u00e3o os atletas Gustavo Ferreira, do bobsled, Lucas Oliveira e Larissa C\u00e2ndido, do skeleton. Os tr\u00eas fizeram o reconhecimento da lend\u00e1ria Olympia Bob Run, local onde a modalidade surgiu, em St Moritz. E local tamb\u00e9m onde come\u00e7ou a hist\u00f3ria dos tr\u00eas atletas nos esportes no gelo.<\/p>\n<p>&nbsp;<\/p>\n<p>\u201cFicamos feliz de saber que os Jogos poderiam ser em qualquer outra pista do mundo, mas foram justamente aqui onde a gente come\u00e7ou. \u00c9 legal ver a nossa evolu\u00e7\u00e3o dos primeiros treinos para o que estamos fazendo agora. Vamos fechar o ciclo do Jogos Ol\u00edmpicos da Juventude exatamente onde come\u00e7amos\u201d, disse Lucas.<\/p>\n<p>&nbsp;<\/p>\n<p>Os treinamentos come\u00e7aram nos dias 07 e 08, antes mesmo da libera\u00e7\u00e3o oficial da pista. Foram feitas descidas com os equipamentos e tamb\u00e9m andando, ao lado dos treinadores, conversando sobre cada uma das curvas e dos movimentos que precisam fazer para concluir o trajeto no menor tempo poss\u00edvel. Com mais dois treinos oficiais antes das provas, o Time Brasil fecha o ciclo de prepara\u00e7\u00e3o. Os \u00faltimos treinamentos servir\u00e3o como uma forma de tentar fazer os ajustes necess\u00e1rios, j\u00e1 que Gustavo, Lucas e Larissa j\u00e1 tiveram a oportunidade de ver o que est\u00e3o errando e no que precisam trabalhar.<\/p>\n<p>&nbsp;<\/p>\n<p>\u201cO bobsled e o skeleton s\u00e3o relativamente parecidos com corridas de carros ou motos. Cada pista tem suas caracter\u00edsticas, exigem habilidades espec\u00edficas e tem tempos diferentes. Faz muita diferen\u00e7a para os atletas conhecer melhor a pista. A possibilidade deles terem um desempenho melhor, \u00e9 maior\u201d, disse Gabriel Karnas, chefe da equipe.<\/p>\n<p>&nbsp;<\/p>\n<p>\u201cEu j\u00e1 fiz tr\u00eas treinos oficiais. Tive uma evolu\u00e7\u00e3o boa do primeiro dia at\u00e9 ontem (quarta, 15). Estou gostando bastante dessa experi\u00eancia de estar nos Jogos. Est\u00e1 sendo diferente de tudo que vivi at\u00e9 hoje, nos meus 16 anos. Estou muito feliz com tudo que est\u00e1 acontecendo\u201d, disse Larissa.<\/p>\n<p>&nbsp;<\/p>\n<p>\u201cEstou gostando muito dos treinos. Posso dizer que aprendi muita coisa nessa semana. Sabemos que temos muita coisa ainda para desfrutar desses Jogos, at\u00e9 porque faltam poucos dias para acabar. Espero que a gente possa dar nosso m\u00e1ximo na competi\u00e7\u00e3o porque \u00e9 um sonho estar representando o Brasil nesses Jogos\u201d, contou Lucas.<\/p>\n<p>&nbsp;<\/p>\n<p>Nos dias sem treinos, os atletas foram incentivados a participar das atividades propostas pelo Comit\u00ea Organizador de Lausanne 2020. Como St Moritz \u00e9 uma subsede em que est\u00e3o sendo disputadas quatro modalidades \u2013 al\u00e9m do bobsled e do skeleton, tamb\u00e9m tem luge e patina\u00e7\u00e3o de velocidade -, a conviv\u00eancia entre os atletas de todos os pa\u00edses tem sido uma marca. A troca entre todos os participantes dos Jogos Ol\u00edmpicos da Juventude de Inverno tem sido grande e deixar\u00e1 uma marca nos competidores.<\/p>\n<p>&nbsp;<\/p>\n<p>\u201cNesta quarta tivemos uma palestra sobre o doping. Antes, eles conversaram com a gente sobre comunica\u00e7\u00e3o, planejamento esportivo, dentre outras. Tivemos a caminhada com a tocha, as esculturas de gelo. Os atletas convivendo junto, hospedados no mesmo espa\u00e7o, tamb\u00e9m \u00e9 muito legal. Quando chega na competi\u00e7\u00e3o, n\u00e3o s\u00e3o estranhos, n\u00e3o os tratamos como advers\u00e1rios, tem um clima de amizade. A troca de pins tamb\u00e9m \u00e9 parte do esp\u00edrito esportivo. Obrigado ao COB, \u00e0 CBDG e a todo mundo que est\u00e1 acompanhando a gente\u201d, completou Lucas.<\/p>\n<p>&nbsp;<\/p>\n<p><strong>Fonte:<\/strong>\u00a0COB<\/p>\n","protected":false},"excerpt":{"rendered":"<p>Os Jogos Ol\u00edmpicos da Juventude de Inverno entram na segunda semana de competi\u00e7\u00f5es. Seguindo o conceito de sustentabilidade, a Vila ter\u00e1 a despedida de quem competiu na primeira semana e a chegada dos novos atletas. Mas o Time Brasil tem uma turma que s\u00f3 competir\u00e1 nos dias 19 e 20 e j\u00e1 est\u00e1 desde o [&hellip;]<\/p>\n","protected":false},"author":96,"featured_media":153974,"comment_status":"closed","ping_status":"closed","sticky":false,"template":"","format":"standard","meta":{"footnotes":""},"categories":[436,257,439],"tags":[],"class_list":["post-153973","post","type-post","status-publish","format-standard","has-post-thumbnail","hentry","category-destaque-da-semana","category-esporte","category-ultima-hora"],"_links":{"self":[{"href":"https:\/\/diarioregionaldigital.com.br\/index.php?rest_route=\/wp\/v2\/posts\/153973","targetHints":{"allow":["GET"]}}],"collection":[{"href":"https:\/\/diarioregionaldigital.com.br\/index.php?rest_route=\/wp\/v2\/posts"}],"about":[{"href":"https:\/\/diarioregionaldigital.com.br\/index.php?rest_route=\/wp\/v2\/types\/post"}],"author":[{"embeddable":true,"href":"https:\/\/diarioregionaldigital.com.br\/index.php?rest_route=\/wp\/v2\/users\/96"}],"replies":[{"embeddable":true,"href":"https:\/\/diarioregionaldigital.com.br\/index.php?rest_route=%2Fwp%2Fv2%2Fcomments&post=153973"}],"version-history":[{"count":0,"href":"https:\/\/diarioregionaldigital.com.br\/index.php?rest_route=\/wp\/v2\/posts\/153973\/revisions"}],"wp:featuredmedia":[{"embeddable":true,"href":"https:\/\/diarioregionaldigital.com.br\/index.php?rest_route=\/wp\/v2\/media\/153974"}],"wp:attachment":[{"href":"https:\/\/diarioregionaldigital.com.br\/index.php?rest_route=%2Fwp%2Fv2%2Fmedia&parent=153973"}],"wp:term":[{"taxonomy":"category","embeddable":true,"href":"https:\/\/diarioregionaldigital.com.br\/index.php?rest_route=%2Fwp%2Fv2%2Fcategories&post=153973"},{"taxonomy":"post_tag","embeddable":true,"href":"https:\/\/diarioregionaldigital.com.br\/index.php?rest_route=%2Fwp%2Fv2%2Ftags&post=153973"}],"curies":[{"name":"wp","href":"https:\/\/api.w.org\/{rel}","templated":true}]}}