{"id":153963,"date":"2020-01-16T15:22:37","date_gmt":"2020-01-16T17:22:37","guid":{"rendered":"https:\/\/diarioregionaldigital.com.br\/?p=153963"},"modified":"2020-01-16T15:22:37","modified_gmt":"2020-01-16T17:22:37","slug":"educacao-realiza-transferencia-de-creches-para-cadastrados-no-processo-2020","status":"publish","type":"post","link":"https:\/\/diarioregionaldigital.com.br\/?p=153963","title":{"rendered":"Educa\u00e7\u00e3o realiza transfer\u00eancia de creches para cadastrados no processo 2020"},"content":{"rendered":"<p>Est\u00e1 em vigor a transfer\u00eancia de cadastro de crian\u00e7as inscritas em outubro de 2019 para creches municipais e conveniadas \u00e0 Prefeitura de Juiz de Fora (PJF), com foco na demanda de 2020. Est\u00e3o aptas as crian\u00e7as que est\u00e3o na lista de espera, tendo a possibilidade de tentar vaga em locais ainda dispon\u00edveis ou com fila de espera menor, levando em considera\u00e7\u00e3o a regi\u00e3o onde moram e a possibilidade de acesso. O processo de transfer\u00eancia n\u00e3o \u00e9 cadastro e nem matr\u00edcula direta para as creches.<\/p>\n<p>Os interessados, respons\u00e1veis pelos cadastrados, devem comparecer \u00e0 sede da Secretaria de Educa\u00e7\u00e3o (SE), na Av. Get\u00falio Vargas, 200, Centro, munidos da carteira de identidade (original e c\u00f3pia) e certid\u00e3o de nascimento da crian\u00e7a (original e c\u00f3pia). Neste primeiro momento, como h\u00e1 uma procura maior, 50 senhas s\u00e3o distribu\u00eddas no per\u00edodo da manh\u00e3, das 8 \u00e0s 11h00, e outras 50 \u00e0 tarde, das 14 \u00e0s 17h00.<\/p>\n<p>A Supervis\u00e3o respons\u00e1vel pelo cadastro informa que a transfer\u00eancia pode ser feita ao longo do ano, caso haja disponibilidade de vagas nas institui\u00e7\u00f5es, por desist\u00eancias ou afins.<\/p>\n<p>D\u00favidas podem ser esclarecidas atrav\u00e9s do telefone: 3690-7721 ou de forma presencial na sede da SE.<\/p>\n<p>&nbsp;<\/p>\n<p><strong>Fonte:\u00a0<\/strong>Assessoria<\/p>\n","protected":false},"excerpt":{"rendered":"<p>Est\u00e1 em vigor a transfer\u00eancia de cadastro de crian\u00e7as inscritas em outubro de 2019 para creches municipais e conveniadas \u00e0 Prefeitura de Juiz de Fora (PJF), com foco na demanda de 2020. Est\u00e3o aptas as crian\u00e7as que est\u00e3o na lista de espera, tendo a possibilidade de tentar vaga em locais ainda dispon\u00edveis ou com fila [&hellip;]<\/p>\n","protected":false},"author":96,"featured_media":153964,"comment_status":"closed","ping_status":"closed","sticky":false,"template":"","format":"standard","meta":{"footnotes":""},"categories":[253,436,439],"tags":[],"class_list":["post-153963","post","type-post","status-publish","format-standard","has-post-thumbnail","hentry","category-cidade","category-destaque-da-semana","category-ultima-hora"],"_links":{"self":[{"href":"https:\/\/diarioregionaldigital.com.br\/index.php?rest_route=\/wp\/v2\/posts\/153963","targetHints":{"allow":["GET"]}}],"collection":[{"href":"https:\/\/diarioregionaldigital.com.br\/index.php?rest_route=\/wp\/v2\/posts"}],"about":[{"href":"https:\/\/diarioregionaldigital.com.br\/index.php?rest_route=\/wp\/v2\/types\/post"}],"author":[{"embeddable":true,"href":"https:\/\/diarioregionaldigital.com.br\/index.php?rest_route=\/wp\/v2\/users\/96"}],"replies":[{"embeddable":true,"href":"https:\/\/diarioregionaldigital.com.br\/index.php?rest_route=%2Fwp%2Fv2%2Fcomments&post=153963"}],"version-history":[{"count":0,"href":"https:\/\/diarioregionaldigital.com.br\/index.php?rest_route=\/wp\/v2\/posts\/153963\/revisions"}],"wp:featuredmedia":[{"embeddable":true,"href":"https:\/\/diarioregionaldigital.com.br\/index.php?rest_route=\/wp\/v2\/media\/153964"}],"wp:attachment":[{"href":"https:\/\/diarioregionaldigital.com.br\/index.php?rest_route=%2Fwp%2Fv2%2Fmedia&parent=153963"}],"wp:term":[{"taxonomy":"category","embeddable":true,"href":"https:\/\/diarioregionaldigital.com.br\/index.php?rest_route=%2Fwp%2Fv2%2Fcategories&post=153963"},{"taxonomy":"post_tag","embeddable":true,"href":"https:\/\/diarioregionaldigital.com.br\/index.php?rest_route=%2Fwp%2Fv2%2Ftags&post=153963"}],"curies":[{"name":"wp","href":"https:\/\/api.w.org\/{rel}","templated":true}]}}