{"id":153960,"date":"2020-01-16T15:20:25","date_gmt":"2020-01-16T17:20:25","guid":{"rendered":"https:\/\/diarioregionaldigital.com.br\/?p=153960"},"modified":"2020-01-16T15:20:25","modified_gmt":"2020-01-16T17:20:25","slug":"demlurb-realiza-primeiro-evento-de-adocao-de-2020","status":"publish","type":"post","link":"https:\/\/diarioregionaldigital.com.br\/?p=153960","title":{"rendered":"Demlurb realiza primeiro evento de ado\u00e7\u00e3o de 2020"},"content":{"rendered":"<p>O Departamento Municipal de Limpeza Urbana (Demlurb) realizar\u00e1 neste s\u00e1bado (18), o primeiro evento de ado\u00e7\u00e3o de animais do Canil Municipal de 2020. Esta edi\u00e7\u00e3o ser\u00e1 realizada das 10h00 at\u00e9 14h00, no Hospital Veterin\u00e1rio Estrada Real, localizado na Rua Alencar Trist\u00e3o, 287, no bairro Santa Terezinha. Quem deseja ser volunt\u00e1rio no evento, deve chegar meia-hora antes do hor\u00e1rio de in\u00edcio. Ao todo, 20 c\u00e3es e 10 gastos estar\u00e3o \u00e0 disposi\u00e7\u00e3o para ado\u00e7\u00e3o. Os interessados em levar um animal para casa, devem portar documento com foto e comprovante de resid\u00eancia.<\/p>\n<p>O evento contar\u00e1 tamb\u00e9m com estandes de artigos pet fornecidos por empresas parceiras, que ser\u00e3o dados como brinde aos adotantes.<\/p>\n","protected":false},"excerpt":{"rendered":"<p>O Departamento Municipal de Limpeza Urbana (Demlurb) realizar\u00e1 neste s\u00e1bado (18), o primeiro evento de ado\u00e7\u00e3o de animais do Canil Municipal de 2020. Esta edi\u00e7\u00e3o ser\u00e1 realizada das 10h00 at\u00e9 14h00, no Hospital Veterin\u00e1rio Estrada Real, localizado na Rua Alencar Trist\u00e3o, 287, no bairro Santa Terezinha. Quem deseja ser volunt\u00e1rio no evento, deve chegar meia-hora [&hellip;]<\/p>\n","protected":false},"author":96,"featured_media":153961,"comment_status":"closed","ping_status":"closed","sticky":false,"template":"","format":"standard","meta":{"footnotes":""},"categories":[253,436,439],"tags":[],"class_list":["post-153960","post","type-post","status-publish","format-standard","has-post-thumbnail","hentry","category-cidade","category-destaque-da-semana","category-ultima-hora"],"_links":{"self":[{"href":"https:\/\/diarioregionaldigital.com.br\/index.php?rest_route=\/wp\/v2\/posts\/153960","targetHints":{"allow":["GET"]}}],"collection":[{"href":"https:\/\/diarioregionaldigital.com.br\/index.php?rest_route=\/wp\/v2\/posts"}],"about":[{"href":"https:\/\/diarioregionaldigital.com.br\/index.php?rest_route=\/wp\/v2\/types\/post"}],"author":[{"embeddable":true,"href":"https:\/\/diarioregionaldigital.com.br\/index.php?rest_route=\/wp\/v2\/users\/96"}],"replies":[{"embeddable":true,"href":"https:\/\/diarioregionaldigital.com.br\/index.php?rest_route=%2Fwp%2Fv2%2Fcomments&post=153960"}],"version-history":[{"count":0,"href":"https:\/\/diarioregionaldigital.com.br\/index.php?rest_route=\/wp\/v2\/posts\/153960\/revisions"}],"wp:featuredmedia":[{"embeddable":true,"href":"https:\/\/diarioregionaldigital.com.br\/index.php?rest_route=\/wp\/v2\/media\/153961"}],"wp:attachment":[{"href":"https:\/\/diarioregionaldigital.com.br\/index.php?rest_route=%2Fwp%2Fv2%2Fmedia&parent=153960"}],"wp:term":[{"taxonomy":"category","embeddable":true,"href":"https:\/\/diarioregionaldigital.com.br\/index.php?rest_route=%2Fwp%2Fv2%2Fcategories&post=153960"},{"taxonomy":"post_tag","embeddable":true,"href":"https:\/\/diarioregionaldigital.com.br\/index.php?rest_route=%2Fwp%2Fv2%2Ftags&post=153960"}],"curies":[{"name":"wp","href":"https:\/\/api.w.org\/{rel}","templated":true}]}}