{"id":153940,"date":"2020-01-16T06:00:23","date_gmt":"2020-01-16T08:00:23","guid":{"rendered":"https:\/\/diarioregionaldigital.com.br\/?p=153940"},"modified":"2020-01-15T20:21:59","modified_gmt":"2020-01-15T22:21:59","slug":"convocacao-aeroclube-16-01-20","status":"publish","type":"post","link":"https:\/\/diarioregionaldigital.com.br\/?p=153940","title":{"rendered":"Convoca\u00e7\u00e3o Aeroclube &#8211; 16\/01\/20"},"content":{"rendered":"<p style=\"text-align: center;\"><strong>AEROCLUBE DE JUIZ DE FORA ASSEMBLEIA GERAL ORDIN\u00c1RIA<\/strong><\/p>\n<p style=\"text-align: center;\">O Diretor Presidente do Aeroclube de Juiz de Fora, em conformidade com o Estatuto Social da Entidade, em seu artigo 15 (quinze) e 36 (trinta e seis), convoca todos os s\u00f3cios em dia com suas <strong>obriga\u00e7\u00f5es Estatut\u00e1rias<\/strong>, aptos como eleitores, para eleger na Assembleia Geral Ordin\u00e1ria que ser\u00e1 realizada no pr\u00f3ximo dia 23 (vinte e tr\u00eas) de Janeiro de 2020, as 09 (nove) horas em primeira convoca\u00e7\u00e3o, e as 10 (dez) horas em segunda convoca\u00e7\u00e3o com qualquer numero de presentes, no Audit\u00f3rio da Entidade, localizado na Av. Prefeito Mello Reis s\/n\u00ba. Aeroporto da Serrinha.<\/p>\n<p><strong>Ordem do dia:<\/strong><\/p>\n<p>1) Apresenta\u00e7\u00e3o, discuss\u00e3o e aprova\u00e7\u00e3o das contas da atual diretoria, com parecer do Conselho Fiscal.<\/p>\n<p>2) Elei\u00e7\u00e3o de nova diretoria, de acordo com os artigos 65 (sessenta e cinco) e 68 (sessenta e oito) do Estatuto. Ser\u00e3o eleitos tamb\u00e9m os membros do Conselho Fiscal e do Conselho Desportivo, conforme artigos 58 e 61 do Estatuto.<\/p>\n<p style=\"text-align: center;\">As inscri\u00e7\u00f5es das chapas dever\u00e3o ser apresentadas e registradas na secretaria da entidade localizada no endere\u00e7o j\u00e1 acima mencionado, at\u00e9 o dia 20 de Janeiro de 2020, entre 09:00 (nove) horas at\u00e9 as 17:00(dezessete) horas.<\/p>\n<p style=\"text-align: center;\"><strong>JUIZ DE FORA, 15 DE JANEIRO DE 2020<\/strong><\/p>\n<p style=\"text-align: center;\"><strong>LEANDRO SILVEIRA LOARDI<\/strong><\/p>\n<p style=\"text-align: center;\"><strong>Presidente do Aeroclube de Juiz de Fora<\/strong><\/p>\n","protected":false},"excerpt":{"rendered":"<p>AEROCLUBE DE JUIZ DE FORA ASSEMBLEIA GERAL ORDIN\u00c1RIA O Diretor Presidente do Aeroclube de Juiz de Fora, em conformidade com o Estatuto Social da Entidade, em seu artigo 15 (quinze) e 36 (trinta e seis), convoca todos os s\u00f3cios em dia com suas obriga\u00e7\u00f5es Estatut\u00e1rias, aptos como eleitores, para eleger na Assembleia Geral Ordin\u00e1ria que [&hellip;]<\/p>\n","protected":false},"author":96,"featured_media":0,"comment_status":"closed","ping_status":"closed","sticky":false,"template":"","format":"standard","meta":{"footnotes":""},"categories":[307],"tags":[],"class_list":["post-153940","post","type-post","status-publish","format-standard","hentry","category-editais"],"_links":{"self":[{"href":"https:\/\/diarioregionaldigital.com.br\/index.php?rest_route=\/wp\/v2\/posts\/153940","targetHints":{"allow":["GET"]}}],"collection":[{"href":"https:\/\/diarioregionaldigital.com.br\/index.php?rest_route=\/wp\/v2\/posts"}],"about":[{"href":"https:\/\/diarioregionaldigital.com.br\/index.php?rest_route=\/wp\/v2\/types\/post"}],"author":[{"embeddable":true,"href":"https:\/\/diarioregionaldigital.com.br\/index.php?rest_route=\/wp\/v2\/users\/96"}],"replies":[{"embeddable":true,"href":"https:\/\/diarioregionaldigital.com.br\/index.php?rest_route=%2Fwp%2Fv2%2Fcomments&post=153940"}],"version-history":[{"count":0,"href":"https:\/\/diarioregionaldigital.com.br\/index.php?rest_route=\/wp\/v2\/posts\/153940\/revisions"}],"wp:attachment":[{"href":"https:\/\/diarioregionaldigital.com.br\/index.php?rest_route=%2Fwp%2Fv2%2Fmedia&parent=153940"}],"wp:term":[{"taxonomy":"category","embeddable":true,"href":"https:\/\/diarioregionaldigital.com.br\/index.php?rest_route=%2Fwp%2Fv2%2Fcategories&post=153940"},{"taxonomy":"post_tag","embeddable":true,"href":"https:\/\/diarioregionaldigital.com.br\/index.php?rest_route=%2Fwp%2Fv2%2Ftags&post=153940"}],"curies":[{"name":"wp","href":"https:\/\/api.w.org\/{rel}","templated":true}]}}