{"id":153936,"date":"2020-01-16T06:00:33","date_gmt":"2020-01-16T08:00:33","guid":{"rendered":"https:\/\/diarioregionaldigital.com.br\/?p=153936"},"modified":"2020-01-15T20:19:28","modified_gmt":"2020-01-15T22:19:28","slug":"voce-sabia","status":"publish","type":"post","link":"https:\/\/diarioregionaldigital.com.br\/?p=153936","title":{"rendered":"Voc\u00ea Sabia?"},"content":{"rendered":"<p style=\"text-align: center;\"><strong>Sucesso Total<\/strong><\/p>\n<p style=\"text-align: center;\">Realizando por Paul Almeida toda 2\u00ba feira, no Ritz Plaza Hotel, o Encontro do Projeto \u201cSol-Abra\u00e7ando a Vida\u201d, reuniu esta semana os terapeutas hol\u00edsticos Kael Durante e Lilian Werneck com o tema \u201cEm ordem o amor flui\u201d. Pra incrementar a noite, teve show da cantora sertaneja Carol Ferreira, aula de dan\u00e7a com o professor Henrique Gon\u00e7alves e roda de papo com as psic\u00f3logas Fl\u00e1via Ciccarini, Rita Cypriano e Andr\u00e9 Luiz Santiago.<\/p>\n<p style=\"text-align: center;\"><strong>Talento<\/strong><\/p>\n<p style=\"text-align: center;\">Com sua mente pulsante, a cantora e atriz carioca Elisa Lucinda est\u00e1 com tudo e n\u00e3o est\u00e1 prosa. Com novos livros e seis filmes a serem lan\u00e7ados este ano, ela \u00e9 atualizada e fala sem papas na l\u00edngua sobre nudez, vida afetiva, racismo e aborto por onde ela passa. Empoderada e feliz!<\/p>\n<p style=\"text-align: center;\"><strong>Boa Noticia<\/strong><\/p>\n<p style=\"text-align: center;\">Em boa hora, o deputado Noraldino J\u00fanior, face a emenda parlamentar de sua autoria entregou ao presidente da Acispes, Ormeu Rabello Filho, as chaves de um micro-\u00f4nibus a ser utilizado no encaminhamento de pacientes. Ainda n\u00e3o foi definido o roteiro em que ele vai ser utilizado. O ve\u00edculo zero quil\u00f4metro tem capacidade para transportar 23 passageiros.<\/p>\n<p style=\"text-align: center;\"><strong>A mais Querida<\/strong><\/p>\n<p style=\"text-align: center;\">Com direito a show de Alcione, a quadra da Esta\u00e7\u00e3o Primeira de Mangueira esteve lotada de juiz-foranos que desceram a serra e se esbaldaram cantando e sambando e enredo da verde e rosa. Estavam l\u00e1: Erika Beire, Lidiane Stambassi, Rodrigo Calichio, K\u00e1tia Almeida, Mauro Lipp, Ursula Scavolini, Jorge J\u00fanior, Gabriel Delamare e J\u00fanior.<\/p>\n<p style=\"text-align: center;\"><span style=\"font-size: 14pt;\"><strong>Voc\u00ea Sabia?<\/strong><\/span><\/p>\n<p style=\"text-align: center;\">Entre os nanos e os macros h\u00e1 hoje em dia os ex-influenciadores, que se desconectaram e formam a turma dos \u201cExit\u201d, em que a privacidade fica em primeiro lugar.<\/p>\n<div id=\"attachment_153917\" style=\"width: 690px\" class=\"wp-caption aligncenter\"><img loading=\"lazy\" decoding=\"async\" aria-describedby=\"caption-attachment-153917\" class=\"wp-image-153917\" src=\"https:\/\/diarioregionaldigital.com.br\/wp-content\/uploads\/fotoa-5-e1579126232229.jpg\" alt=\"\" width=\"680\" height=\"469\" srcset=\"https:\/\/diarioregionaldigital.com.br\/wp-content\/uploads\/fotoa-5-e1579126232229.jpg 1617w, https:\/\/diarioregionaldigital.com.br\/wp-content\/uploads\/fotoa-5-e1579126232229-300x207.jpg 300w, https:\/\/diarioregionaldigital.com.br\/wp-content\/uploads\/fotoa-5-e1579126232229-768x530.jpg 768w, https:\/\/diarioregionaldigital.com.br\/wp-content\/uploads\/fotoa-5-e1579126232229-1024x706.jpg 1024w, https:\/\/diarioregionaldigital.com.br\/wp-content\/uploads\/fotoa-5-e1579126232229-360x248.jpg 360w, https:\/\/diarioregionaldigital.com.br\/wp-content\/uploads\/fotoa-5-e1579126232229-100x70.jpg 100w\" sizes=\"auto, (max-width: 680px) 100vw, 680px\" \/><p id=\"caption-attachment-153917\" class=\"wp-caption-text\">No coquetel de inaugura\u00e7\u00e3o da loja Madame Lingerie no shopping Marechal, os s\u00f3cios Tiago Fran\u00e7a e Petterson Marciano ladeados de Gorete Nogueira, Carlos Barbosa, Eduardo Gomes e Jussara Ramos<\/p><\/div>\n<div id=\"attachment_153918\" style=\"width: 690px\" class=\"wp-caption aligncenter\"><img loading=\"lazy\" decoding=\"async\" aria-describedby=\"caption-attachment-153918\" class=\"wp-image-153918\" src=\"https:\/\/diarioregionaldigital.com.br\/wp-content\/uploads\/fotob-8-e1579126274555.jpg\" alt=\"\" width=\"680\" height=\"578\" srcset=\"https:\/\/diarioregionaldigital.com.br\/wp-content\/uploads\/fotob-8-e1579126274555.jpg 1164w, https:\/\/diarioregionaldigital.com.br\/wp-content\/uploads\/fotob-8-e1579126274555-300x255.jpg 300w, https:\/\/diarioregionaldigital.com.br\/wp-content\/uploads\/fotob-8-e1579126274555-768x653.jpg 768w, https:\/\/diarioregionaldigital.com.br\/wp-content\/uploads\/fotob-8-e1579126274555-1024x871.jpg 1024w, https:\/\/diarioregionaldigital.com.br\/wp-content\/uploads\/fotob-8-e1579126274555-360x306.jpg 360w\" sizes=\"auto, (max-width: 680px) 100vw, 680px\" \/><p id=\"caption-attachment-153918\" class=\"wp-caption-text\">Em sua formatura no Green Hill, Pedro e o pai Ney Gerald Gouv\u00eaa<\/p><\/div>\n<div id=\"attachment_153919\" style=\"width: 690px\" class=\"wp-caption aligncenter\"><img loading=\"lazy\" decoding=\"async\" aria-describedby=\"caption-attachment-153919\" class=\"wp-image-153919\" src=\"https:\/\/diarioregionaldigital.com.br\/wp-content\/uploads\/fotobb-4-e1579126303312.jpg\" alt=\"\" width=\"680\" height=\"534\" srcset=\"https:\/\/diarioregionaldigital.com.br\/wp-content\/uploads\/fotobb-4-e1579126303312.jpg 871w, https:\/\/diarioregionaldigital.com.br\/wp-content\/uploads\/fotobb-4-e1579126303312-300x236.jpg 300w, https:\/\/diarioregionaldigital.com.br\/wp-content\/uploads\/fotobb-4-e1579126303312-768x603.jpg 768w, https:\/\/diarioregionaldigital.com.br\/wp-content\/uploads\/fotobb-4-e1579126303312-360x283.jpg 360w\" sizes=\"auto, (max-width: 680px) 100vw, 680px\" \/><p id=\"caption-attachment-153919\" class=\"wp-caption-text\">O advogado Arone Souza (Lavras\/MG) exibe chap\u00e9u que ele mesmo customizou para o ver\u00e3o<\/p><\/div>\n<div id=\"attachment_153920\" style=\"width: 690px\" class=\"wp-caption aligncenter\"><img loading=\"lazy\" decoding=\"async\" aria-describedby=\"caption-attachment-153920\" class=\"wp-image-153920\" src=\"https:\/\/diarioregionaldigital.com.br\/wp-content\/uploads\/fotoc-6-e1579126327709.jpg\" alt=\"\" width=\"680\" height=\"514\" srcset=\"https:\/\/diarioregionaldigital.com.br\/wp-content\/uploads\/fotoc-6-e1579126327709.jpg 1176w, https:\/\/diarioregionaldigital.com.br\/wp-content\/uploads\/fotoc-6-e1579126327709-300x227.jpg 300w, https:\/\/diarioregionaldigital.com.br\/wp-content\/uploads\/fotoc-6-e1579126327709-768x581.jpg 768w, https:\/\/diarioregionaldigital.com.br\/wp-content\/uploads\/fotoc-6-e1579126327709-1024x774.jpg 1024w, https:\/\/diarioregionaldigital.com.br\/wp-content\/uploads\/fotoc-6-e1579126327709-360x272.jpg 360w\" sizes=\"auto, (max-width: 680px) 100vw, 680px\" \/><p id=\"caption-attachment-153920\" class=\"wp-caption-text\">Aniversariando hoje, 16, atingindo saud\u00e1veis 40 anos, o professor Walter Carvalho<\/p><\/div>\n<div id=\"attachment_153921\" style=\"width: 690px\" class=\"wp-caption aligncenter\"><img loading=\"lazy\" decoding=\"async\" aria-describedby=\"caption-attachment-153921\" class=\"wp-image-153921\" src=\"https:\/\/diarioregionaldigital.com.br\/wp-content\/uploads\/fotocc-2-e1579126357286.jpg\" alt=\"\" width=\"680\" height=\"534\" srcset=\"https:\/\/diarioregionaldigital.com.br\/wp-content\/uploads\/fotocc-2-e1579126357286.jpg 480w, https:\/\/diarioregionaldigital.com.br\/wp-content\/uploads\/fotocc-2-e1579126357286-300x236.jpg 300w, https:\/\/diarioregionaldigital.com.br\/wp-content\/uploads\/fotocc-2-e1579126357286-360x283.jpg 360w\" sizes=\"auto, (max-width: 680px) 100vw, 680px\" \/><p id=\"caption-attachment-153921\" class=\"wp-caption-text\">Goleiros do Tupynamb\u00e1s: Renan Rinaldi e Bruno Hargreaves na roda de samba do Restaurante Pal\u00e1cio<\/p><\/div>\n<div id=\"attachment_153922\" style=\"width: 690px\" class=\"wp-caption aligncenter\"><img loading=\"lazy\" decoding=\"async\" aria-describedby=\"caption-attachment-153922\" class=\"wp-image-153922\" src=\"https:\/\/diarioregionaldigital.com.br\/wp-content\/uploads\/fotod-8.jpg\" alt=\"\" width=\"680\" height=\"457\" srcset=\"https:\/\/diarioregionaldigital.com.br\/wp-content\/uploads\/fotod-8.jpg 1758w, https:\/\/diarioregionaldigital.com.br\/wp-content\/uploads\/fotod-8-300x202.jpg 300w, https:\/\/diarioregionaldigital.com.br\/wp-content\/uploads\/fotod-8-768x516.jpg 768w, https:\/\/diarioregionaldigital.com.br\/wp-content\/uploads\/fotod-8-1024x688.jpg 1024w, https:\/\/diarioregionaldigital.com.br\/wp-content\/uploads\/fotod-8-360x242.jpg 360w\" sizes=\"auto, (max-width: 680px) 100vw, 680px\" \/><p id=\"caption-attachment-153922\" class=\"wp-caption-text\">Na bomb\u00e1stica noite do Rocket, Alberto Mendes Ribeiro, Tiago Capuzzo (lan\u00e7ando o Clipe Vingay) F\u00e1bio e Thenner Freitas<\/p><\/div>\n<div id=\"attachment_153923\" style=\"width: 690px\" class=\"wp-caption aligncenter\"><img loading=\"lazy\" decoding=\"async\" aria-describedby=\"caption-attachment-153923\" class=\"wp-image-153923\" src=\"https:\/\/diarioregionaldigital.com.br\/wp-content\/uploads\/fotoe-8.jpg\" alt=\"\" width=\"680\" height=\"456\" srcset=\"https:\/\/diarioregionaldigital.com.br\/wp-content\/uploads\/fotoe-8.jpg 1752w, https:\/\/diarioregionaldigital.com.br\/wp-content\/uploads\/fotoe-8-300x201.jpg 300w, https:\/\/diarioregionaldigital.com.br\/wp-content\/uploads\/fotoe-8-768x516.jpg 768w, https:\/\/diarioregionaldigital.com.br\/wp-content\/uploads\/fotoe-8-1024x687.jpg 1024w, https:\/\/diarioregionaldigital.com.br\/wp-content\/uploads\/fotoe-8-360x242.jpg 360w\" sizes=\"auto, (max-width: 680px) 100vw, 680px\" \/><p id=\"caption-attachment-153923\" class=\"wp-caption-text\">A linda Giullia Caruso festejou niver ladeada dos pais Raffaela e Adeir Moreira Caruso<\/p><\/div>\n<div id=\"attachment_153924\" style=\"width: 690px\" class=\"wp-caption aligncenter\"><img loading=\"lazy\" decoding=\"async\" aria-describedby=\"caption-attachment-153924\" class=\"wp-image-153924\" src=\"https:\/\/diarioregionaldigital.com.br\/wp-content\/uploads\/fotof-8-e1579126402254.jpg\" alt=\"\" width=\"680\" height=\"490\" srcset=\"https:\/\/diarioregionaldigital.com.br\/wp-content\/uploads\/fotof-8-e1579126402254.jpg 1446w, https:\/\/diarioregionaldigital.com.br\/wp-content\/uploads\/fotof-8-e1579126402254-300x216.jpg 300w, https:\/\/diarioregionaldigital.com.br\/wp-content\/uploads\/fotof-8-e1579126402254-768x554.jpg 768w, https:\/\/diarioregionaldigital.com.br\/wp-content\/uploads\/fotof-8-e1579126402254-1024x739.jpg 1024w, https:\/\/diarioregionaldigital.com.br\/wp-content\/uploads\/fotof-8-e1579126402254-360x260.jpg 360w\" sizes=\"auto, (max-width: 680px) 100vw, 680px\" \/><p id=\"caption-attachment-153924\" class=\"wp-caption-text\">Gente alto astral no Mhall, Wagner Vaccari, Beth Siqueira e Rosenberg Frizeiro<\/p><\/div>\n<div id=\"attachment_153925\" style=\"width: 690px\" class=\"wp-caption aligncenter\"><img loading=\"lazy\" decoding=\"async\" aria-describedby=\"caption-attachment-153925\" class=\"wp-image-153925\" src=\"https:\/\/diarioregionaldigital.com.br\/wp-content\/uploads\/fotog-9-e1579126608565.jpg\" alt=\"\" width=\"680\" height=\"540\" srcset=\"https:\/\/diarioregionaldigital.com.br\/wp-content\/uploads\/fotog-9-e1579126608565.jpg 1163w, https:\/\/diarioregionaldigital.com.br\/wp-content\/uploads\/fotog-9-e1579126608565-300x238.jpg 300w, https:\/\/diarioregionaldigital.com.br\/wp-content\/uploads\/fotog-9-e1579126608565-768x610.jpg 768w, https:\/\/diarioregionaldigital.com.br\/wp-content\/uploads\/fotog-9-e1579126608565-1024x813.jpg 1024w, https:\/\/diarioregionaldigital.com.br\/wp-content\/uploads\/fotog-9-e1579126608565-360x286.jpg 360w\" sizes=\"auto, (max-width: 680px) 100vw, 680px\" \/><p id=\"caption-attachment-153925\" class=\"wp-caption-text\">Em contagem regressiva para o carnaval no Rio de Janeiro, J\u00f4 Oliveira, Fl\u00e1via Lira e Jeycow Ferraz<\/p><\/div>\n<div id=\"attachment_153926\" style=\"width: 690px\" class=\"wp-caption aligncenter\"><img loading=\"lazy\" decoding=\"async\" aria-describedby=\"caption-attachment-153926\" class=\"wp-image-153926\" src=\"https:\/\/diarioregionaldigital.com.br\/wp-content\/uploads\/fotoi-8.jpg\" alt=\"\" width=\"680\" height=\"457\" srcset=\"https:\/\/diarioregionaldigital.com.br\/wp-content\/uploads\/fotoi-8.jpg 1758w, https:\/\/diarioregionaldigital.com.br\/wp-content\/uploads\/fotoi-8-300x202.jpg 300w, https:\/\/diarioregionaldigital.com.br\/wp-content\/uploads\/fotoi-8-768x516.jpg 768w, https:\/\/diarioregionaldigital.com.br\/wp-content\/uploads\/fotoi-8-1024x688.jpg 1024w, https:\/\/diarioregionaldigital.com.br\/wp-content\/uploads\/fotoi-8-360x242.jpg 360w\" sizes=\"auto, (max-width: 680px) 100vw, 680px\" \/><p id=\"caption-attachment-153926\" class=\"wp-caption-text\">Juiz-foranos lindos na quadra da Mangueira (RJ), Lidiane Stambassi, Souza, Rodrigo Calichio e Erika Beire<\/p><\/div>\n<p style=\"text-align: center;\"><strong>FOTOSS\u00cdNTESE<\/strong><\/p>\n<p>O carnaval vai ser estendido em Juiz de Fora com a Frente dos Blocos. E seguindo a m\u00e1xima do Gibra \u00e9 de bom tom lembrar sempre que o respeito a diversidade \u00e9 uma das bases para um bom carnaval, portanto, respeite as mina, as mona os mano e as mana, abrindo alas para a folia passar, \u00d4ba!<\/p>\n<p>Dentro do Circuito Bart\u00f4-Muzik de carnaval, hoje, 16, \u00e0s 23h, vai rolar o cortejo do Ingoma, no Muzik, na rua: Esp\u00edrito Santo.<\/p>\n<p>A diva Sandra Portella l\u00edder do Bloco Nega Maria vai homenagear em 2020, o saudoso radialista Wildemar Aquino. (Cebola). Merecid\u00edssimo.<\/p>\n<p>O Cultural vai estremecer no dia 18 de janeiro (s\u00e1bado), \u00e0s 23h, com o super evento Samba Clube Come Quieto.<\/p>\n<p>Para a sexta-feira,17, o Sesc\/JF apresenta o curso d\u00f3-r\u00e9-m\u00ed-f\u00e1 com harmoniza\u00e7\u00e3o, melodias, ritmos e pr\u00e1ticas de conjunto.<\/p>\n<p>Foi realizado no Centro Cultural Bernardo Mascarenhas (CCBM), o primeiro encontro de colecionadores de 2020. Recebendo para apreciar as tralhas e trecos de n\u00edvel, o presidente da Sociedade Filat\u00e9lica, Jos\u00e9 Paulo Braida.<\/p>\n<p>Foi na Igreja do Sagrado Cora\u00e7\u00e3o de Jesus, no Bairu, a comemora\u00e7\u00e3o com missa em A\u00e7\u00e3o de Gra\u00e7as da Bodas de Ouro do casal Anna L\u00facia e Raimundo Faria.<\/p>\n<p>V\u00e1rios grupos de foli\u00f5es de Juiz de Fora j\u00e1 est\u00e3o preparando suas fantasias para o Baile da Banda Daky, dia 20 de fevereiro, no Nivershow. Dica para elas: os arranjos de cabe\u00e7a by Fabinho Esteves.<\/p>\n<p>Tassiane Agostinho passou e deu aquele al\u00f4.<\/p>\n<p>Ilustrando: Pessoas que n\u00e3o tem foco tamb\u00e9m n\u00e3o tem resultados. Bom dia.<\/p>\n<p><img loading=\"lazy\" decoding=\"async\" class=\"aligncenter size-full wp-image-148172\" src=\"https:\/\/diarioregionaldigital.com.br\/wp-content\/uploads\/2019\/09\/arte-coluna-social-2-NOVO.png\" alt=\"\" width=\"3508\" height=\"709\" srcset=\"https:\/\/diarioregionaldigital.com.br\/wp-content\/uploads\/2019\/09\/arte-coluna-social-2-NOVO.png 3508w, https:\/\/diarioregionaldigital.com.br\/wp-content\/uploads\/2019\/09\/arte-coluna-social-2-NOVO-300x61.png 300w, https:\/\/diarioregionaldigital.com.br\/wp-content\/uploads\/2019\/09\/arte-coluna-social-2-NOVO-768x155.png 768w, https:\/\/diarioregionaldigital.com.br\/wp-content\/uploads\/2019\/09\/arte-coluna-social-2-NOVO-1024x207.png 1024w, https:\/\/diarioregionaldigital.com.br\/wp-content\/uploads\/2019\/09\/arte-coluna-social-2-NOVO-360x73.png 360w\" sizes=\"auto, (max-width: 3508px) 100vw, 3508px\" \/><\/p>\n","protected":false},"excerpt":{"rendered":"<p>Sucesso Total Realizando por Paul Almeida toda 2\u00ba feira, no Ritz Plaza Hotel, o Encontro do Projeto \u201cSol-Abra\u00e7ando a Vida\u201d, reuniu esta semana os terapeutas hol\u00edsticos Kael Durante e Lilian Werneck com o tema \u201cEm ordem o amor flui\u201d. Pra incrementar a noite, teve show da cantora sertaneja Carol Ferreira, aula de dan\u00e7a com o [&hellip;]<\/p>\n","protected":false},"author":96,"featured_media":0,"comment_status":"closed","ping_status":"closed","sticky":false,"template":"","format":"standard","meta":{"footnotes":""},"categories":[264],"tags":[],"class_list":["post-153936","post","type-post","status-publish","format-standard","hentry","category-eduardo-gomes"],"_links":{"self":[{"href":"https:\/\/diarioregionaldigital.com.br\/index.php?rest_route=\/wp\/v2\/posts\/153936","targetHints":{"allow":["GET"]}}],"collection":[{"href":"https:\/\/diarioregionaldigital.com.br\/index.php?rest_route=\/wp\/v2\/posts"}],"about":[{"href":"https:\/\/diarioregionaldigital.com.br\/index.php?rest_route=\/wp\/v2\/types\/post"}],"author":[{"embeddable":true,"href":"https:\/\/diarioregionaldigital.com.br\/index.php?rest_route=\/wp\/v2\/users\/96"}],"replies":[{"embeddable":true,"href":"https:\/\/diarioregionaldigital.com.br\/index.php?rest_route=%2Fwp%2Fv2%2Fcomments&post=153936"}],"version-history":[{"count":0,"href":"https:\/\/diarioregionaldigital.com.br\/index.php?rest_route=\/wp\/v2\/posts\/153936\/revisions"}],"wp:attachment":[{"href":"https:\/\/diarioregionaldigital.com.br\/index.php?rest_route=%2Fwp%2Fv2%2Fmedia&parent=153936"}],"wp:term":[{"taxonomy":"category","embeddable":true,"href":"https:\/\/diarioregionaldigital.com.br\/index.php?rest_route=%2Fwp%2Fv2%2Fcategories&post=153936"},{"taxonomy":"post_tag","embeddable":true,"href":"https:\/\/diarioregionaldigital.com.br\/index.php?rest_route=%2Fwp%2Fv2%2Ftags&post=153936"}],"curies":[{"name":"wp","href":"https:\/\/api.w.org\/{rel}","templated":true}]}}