{"id":153930,"date":"2020-01-15T19:29:38","date_gmt":"2020-01-15T21:29:38","guid":{"rendered":"https:\/\/diarioregionaldigital.com.br\/?p=153930"},"modified":"2020-01-15T19:29:38","modified_gmt":"2020-01-15T21:29:38","slug":"jf-volei-realiza-segunda-edicao-da-copa-trade-neste-fim-de-semana","status":"publish","type":"post","link":"https:\/\/diarioregionaldigital.com.br\/?p=153930","title":{"rendered":"JF V\u00f4lei realiza segunda edi\u00e7\u00e3o da Copa Trade neste fim de semana"},"content":{"rendered":"<p>Visando prepara\u00e7\u00e3o para a estreia na Superliga B 2020, o JF V\u00f4lei realizar\u00e1 nesta sexta-feira (17), a 2\u00aa Copa Trade de Voleibol no Gin\u00e1sio da Universidade Federal de Juiz de Fora (UFJF). A edi\u00e7\u00e3o deste ano contar\u00e1 com as participa\u00e7\u00f5es dos times S\u00e3o Jos\u00e9 V\u00f4lei e Lavras (advers\u00e1rio do JF V\u00f4lei na estr\u00e9ia). Os torcedores que t\u00eam interesse em assistir aos jogos, podem adquirir os ingressos com doa\u00e7\u00e3o de 1Kg de alimento n\u00e3o perec\u00edvel. Os mantimentos ser\u00e3o doados para institui\u00e7\u00f5es espalhadas por Juiz de Fora.<\/p>\n<p>O JF V\u00f4lei far\u00e1 sua estr\u00e9ia na Superliga B no pr\u00f3ximo dia 25 contra o Guarulhos V\u00f4lei, no Gin\u00e1sio da UFJF.<\/p>\n<p>&nbsp;<\/p>\n<p><strong>Jogos da Copa Trade:<\/strong><\/p>\n<p><strong>JF V\u00f4lei <\/strong>x Lavras (17\/01) &#8211; 19h00<\/p>\n<p>Lavras x S\u00e3o Jos\u00e9 (18\/01) &#8211; 16h00<\/p>\n<p>S\u00e3o Jos\u00e9 x <strong>JF V\u00f4lei <\/strong>(19\/01) &#8211; 11h00<\/p>\n","protected":false},"excerpt":{"rendered":"<p>Visando prepara\u00e7\u00e3o para a estreia na Superliga B 2020, o JF V\u00f4lei realizar\u00e1 nesta sexta-feira (17), a 2\u00aa Copa Trade de Voleibol no Gin\u00e1sio da Universidade Federal de Juiz de Fora (UFJF). A edi\u00e7\u00e3o deste ano contar\u00e1 com as participa\u00e7\u00f5es dos times S\u00e3o Jos\u00e9 V\u00f4lei e Lavras (advers\u00e1rio do JF V\u00f4lei na estr\u00e9ia). Os torcedores [&hellip;]<\/p>\n","protected":false},"author":96,"featured_media":153931,"comment_status":"closed","ping_status":"closed","sticky":false,"template":"","format":"standard","meta":{"footnotes":""},"categories":[436,257,439],"tags":[],"class_list":["post-153930","post","type-post","status-publish","format-standard","has-post-thumbnail","hentry","category-destaque-da-semana","category-esporte","category-ultima-hora"],"_links":{"self":[{"href":"https:\/\/diarioregionaldigital.com.br\/index.php?rest_route=\/wp\/v2\/posts\/153930","targetHints":{"allow":["GET"]}}],"collection":[{"href":"https:\/\/diarioregionaldigital.com.br\/index.php?rest_route=\/wp\/v2\/posts"}],"about":[{"href":"https:\/\/diarioregionaldigital.com.br\/index.php?rest_route=\/wp\/v2\/types\/post"}],"author":[{"embeddable":true,"href":"https:\/\/diarioregionaldigital.com.br\/index.php?rest_route=\/wp\/v2\/users\/96"}],"replies":[{"embeddable":true,"href":"https:\/\/diarioregionaldigital.com.br\/index.php?rest_route=%2Fwp%2Fv2%2Fcomments&post=153930"}],"version-history":[{"count":0,"href":"https:\/\/diarioregionaldigital.com.br\/index.php?rest_route=\/wp\/v2\/posts\/153930\/revisions"}],"wp:featuredmedia":[{"embeddable":true,"href":"https:\/\/diarioregionaldigital.com.br\/index.php?rest_route=\/wp\/v2\/media\/153931"}],"wp:attachment":[{"href":"https:\/\/diarioregionaldigital.com.br\/index.php?rest_route=%2Fwp%2Fv2%2Fmedia&parent=153930"}],"wp:term":[{"taxonomy":"category","embeddable":true,"href":"https:\/\/diarioregionaldigital.com.br\/index.php?rest_route=%2Fwp%2Fv2%2Fcategories&post=153930"},{"taxonomy":"post_tag","embeddable":true,"href":"https:\/\/diarioregionaldigital.com.br\/index.php?rest_route=%2Fwp%2Fv2%2Ftags&post=153930"}],"curies":[{"name":"wp","href":"https:\/\/api.w.org\/{rel}","templated":true}]}}