{"id":153927,"date":"2020-01-15T19:28:13","date_gmt":"2020-01-15T21:28:13","guid":{"rendered":"https:\/\/diarioregionaldigital.com.br\/?p=153927"},"modified":"2020-01-15T19:28:13","modified_gmt":"2020-01-15T21:28:13","slug":"atletas-realizam-treino-intensivo-de-atletismo-no-centro-de-treinamento-paralimpico","status":"publish","type":"post","link":"https:\/\/diarioregionaldigital.com.br\/?p=153927","title":{"rendered":"Atletas realizam treino intensivo de atletismo no Centro de Treinamento Paral\u00edmpico"},"content":{"rendered":"<p>O atletismo voltou aos treinos ap\u00f3s o recesso no Centro de Treinamento Paral\u00edmpico j\u00e1 na primeira semana \u00fatil do ano. A modalidade entrou numa nova fase de treinos na prepara\u00e7\u00e3o para os Jogos Paral\u00edmpicos de T\u00f3quio 2020, em agosto.<\/p>\n<p>O atletismo conquistou 35 vagas no Mundial de Atletismo, ocorrido em novembro de 2019, em Dubai, nos Emirados \u00c1rabes Unidos. Antes disso, o Brasil tinha garantido uma vaga no Mundial de Maratona, em Londres. O per\u00edodo de obten\u00e7\u00e3o do \u00edndice m\u00ednimo, estabelecido pelo Departamento T\u00e9cnico do CPB, para compor a delega\u00e7\u00e3o brasileira em T\u00f3quio segue at\u00e9 15 de maio.<\/p>\n<p>&nbsp;<\/p>\n<p>&#8220;Essas duas primeiras semanas n\u00f3s chamamos de processo adaptativo, porque realmente vir\u00e1 uma sequ\u00eancia de treino. \u00c9 uma semana de adapta\u00e7\u00e3o n\u00e3o s\u00f3 do atleta, mas dos treinamentos&#8221; comenta Amauri Ver\u00edssimo, t\u00e9cnico-chefe da modalidade.<\/p>\n<p>&nbsp;<\/p>\n<p>At\u00e9 esta sexta-feira (17), cerca de 13 atletas participam de um treinamento intensivo no CT, junto aos atletas do Centro de Refer\u00eancia da modalidade que funciona no local. Eles foram selecionados por apresentarem potencial competitivo. &#8220;O objetivo \u00e9 dar condi\u00e7\u00e3o para esses atletas que n\u00e3o tem a estrutura do CT melhorarem os seus resultados e irem para as Paralimp\u00edadas de T\u00f3quio&#8221; explica Amauri.<\/p>\n<p>Rayane Soares est\u00e1 entre os atletas do treino intensivo. No ano passado, a maranhense da classe T13 (para atletas com baixa vis\u00e3o) conquistou o ouro nos 400m e prata nos 200m no Mundial de Atletismo em Dubai e dois ouros, no lan\u00e7amento de dardo e de disco nos Jogos Parapan-Americanos de Lima. Na prova dos 400m, ela j\u00e1 tem \u00edndice para T\u00f3quio.<\/p>\n<p>&nbsp;<\/p>\n<p>&#8220;Os treinos est\u00e3o bem fortes e cansativos. Estamos fazendo bastante trabalho de for\u00e7a e de resist\u00eancia. Eu tive essa oportunidade de come\u00e7ar a treinar no CT no in\u00edcio do ano passado e retornei outras vezes durante o ano. Agora, tive novamente a oportunidade de voltar e quero aproveitar tudo o que est\u00e1 acontecendo&#8221;, comenta a velocista que tem baixa vis\u00e3o devido \u00e0 microftalmia bilateral cong\u00eanita.<\/p>\n<p>&nbsp;<\/p>\n<p>Outro atleta entre os treze participantes do treinamento intensivo \u00e9 Thomaz Ruan, que tamb\u00e9m medalhou no Mundial de Atletismo em Dubai: prata nos 400m na classe T47. O paulista de Jundia\u00ed nasceu com uma m\u00e1-forma\u00e7\u00e3o no bra\u00e7o direito. Com \u00edndice nos 400m j\u00e1 conquistado, a meta agora \u00e9 ser medalhista na capital japonesa.<\/p>\n<p>&nbsp;<\/p>\n<p>&#8220;Treinar no CT \u00e9 maravilhoso, \u00e9 como se fosse um para\u00edso: tem tudo que um atleta precisa, tudo \u00e9 \u00f3timo. Eu estou fora de casa, mas com pessoas novas e que me ajudam todos os dias. Estou gostando muito da experi\u00eancia aqui. Agora meu principal objetivo esse ano \u00e9 ser medalhista nas Paral\u00edmpiadas.&#8221;<\/p>\n<p>&nbsp;<\/p>\n<p><strong>Fonte:<\/strong>\u00a0CPB<\/p>\n","protected":false},"excerpt":{"rendered":"<p>O atletismo voltou aos treinos ap\u00f3s o recesso no Centro de Treinamento Paral\u00edmpico j\u00e1 na primeira semana \u00fatil do ano. A modalidade entrou numa nova fase de treinos na prepara\u00e7\u00e3o para os Jogos Paral\u00edmpicos de T\u00f3quio 2020, em agosto. O atletismo conquistou 35 vagas no Mundial de Atletismo, ocorrido em novembro de 2019, em Dubai, [&hellip;]<\/p>\n","protected":false},"author":96,"featured_media":153928,"comment_status":"closed","ping_status":"closed","sticky":false,"template":"","format":"standard","meta":{"footnotes":""},"categories":[436,257,439],"tags":[],"class_list":["post-153927","post","type-post","status-publish","format-standard","has-post-thumbnail","hentry","category-destaque-da-semana","category-esporte","category-ultima-hora"],"_links":{"self":[{"href":"https:\/\/diarioregionaldigital.com.br\/index.php?rest_route=\/wp\/v2\/posts\/153927","targetHints":{"allow":["GET"]}}],"collection":[{"href":"https:\/\/diarioregionaldigital.com.br\/index.php?rest_route=\/wp\/v2\/posts"}],"about":[{"href":"https:\/\/diarioregionaldigital.com.br\/index.php?rest_route=\/wp\/v2\/types\/post"}],"author":[{"embeddable":true,"href":"https:\/\/diarioregionaldigital.com.br\/index.php?rest_route=\/wp\/v2\/users\/96"}],"replies":[{"embeddable":true,"href":"https:\/\/diarioregionaldigital.com.br\/index.php?rest_route=%2Fwp%2Fv2%2Fcomments&post=153927"}],"version-history":[{"count":0,"href":"https:\/\/diarioregionaldigital.com.br\/index.php?rest_route=\/wp\/v2\/posts\/153927\/revisions"}],"wp:featuredmedia":[{"embeddable":true,"href":"https:\/\/diarioregionaldigital.com.br\/index.php?rest_route=\/wp\/v2\/media\/153928"}],"wp:attachment":[{"href":"https:\/\/diarioregionaldigital.com.br\/index.php?rest_route=%2Fwp%2Fv2%2Fmedia&parent=153927"}],"wp:term":[{"taxonomy":"category","embeddable":true,"href":"https:\/\/diarioregionaldigital.com.br\/index.php?rest_route=%2Fwp%2Fv2%2Fcategories&post=153927"},{"taxonomy":"post_tag","embeddable":true,"href":"https:\/\/diarioregionaldigital.com.br\/index.php?rest_route=%2Fwp%2Fv2%2Ftags&post=153927"}],"curies":[{"name":"wp","href":"https:\/\/api.w.org\/{rel}","templated":true}]}}