{"id":153914,"date":"2020-01-15T17:18:56","date_gmt":"2020-01-15T19:18:56","guid":{"rendered":"https:\/\/diarioregionaldigital.com.br\/?p=153914"},"modified":"2020-01-15T17:18:56","modified_gmt":"2020-01-15T19:18:56","slug":"selecao-olimpica-vence-ultimo-jogo-treino-antes-de-viagem-para-colombia","status":"publish","type":"post","link":"https:\/\/diarioregionaldigital.com.br\/?p=153914","title":{"rendered":"Sele\u00e7\u00e3o Ol\u00edmpica vence \u00faltimo jogo-treino antes de viagem para Col\u00f4mbia"},"content":{"rendered":"<p><span style=\"font-weight: 400;\">Mais uma vit\u00f3ria na Granja Comary. Na tarde dessa ter\u00e7a-feira (14), o Brasil venceu a Portuguesa-RJ por 7 a 0 e encerrou a prepara\u00e7\u00e3o antes da viagem para a Col\u00f4mbia. Os gols foram marcados por Yuri Alberto, Bruno Tabata e Reinier no primeiro tempo, al\u00e9m de Matheus Cunha, Paulinho (duas vezes) e Antony na etapa final. Este foi o \u00faltimo desafio antes da estreia no Pr\u00e9-Ol\u00edmpico, marcada para domingo (19), \u00e0s 22h30, contra o Peru.<\/span><\/p>\n<p><span style=\"font-weight: 400;\">A Sele\u00e7\u00e3o iniciou a partida com a seguinte escala\u00e7\u00e3o: Phelipe Megiolaro, Dod\u00f4, Nino, Fuchs, Iago; Maycon, Igor, Reinier; Tabata, Pep\u00ea e Yuri Alberto.<\/span><\/p>\n<p><span style=\"font-weight: 400;\">Na etapa inicial, o Brasil j\u00e1 come\u00e7ou melhor e fez muita press\u00e3o no time advers\u00e1rio. Aos 21 minutos, a Canarinho fez \u00f3tima jogada trabalhada e a bola parou nos p\u00e9s de Reinier, que encontrou Yuri Alberto livre para abrir o placar. Pouco depois, Bruno Tabata roubou, avan\u00e7ou e deu chute colocado para ampliar o marcador.<\/span><\/p>\n<p><span style=\"font-weight: 400;\">Arriscando pouco, a Portuguesa quase n\u00e3o assustou o goleiro Phelipe, que defendeu bem quando exigido. Na frente, a Sele\u00e7\u00e3o continuou forte e fez o 3 a 0 antes do apito final quando Pep\u00ea cruzou e a zaga afastou, mas Reinier aproveitou a sobra para marcar.<\/span><\/p>\n<p><span style=\"font-weight: 400;\">Para o segundo tempo, os donos da casa voltaram a campo com: Ivan, Guga, Nino, Robson Bambu, Caio Henrique; Bruno Guimar\u00e3es, Matheus Henrique, Pedrinho; Antony, Matheus Cunha e Paulinho.<\/span><\/p>\n<p><span style=\"font-weight: 400;\">Logo nos minutos iniciais, foi a vez de Matheus Henrique colocar na \u00e1rea para Matheus Cunha finalizar e marcar o 4 a 0. Quatro minutos depois, Paulinho pegou na entrada da \u00e1rea, deu chute forte e fez 5 a 0. Querendo mais ainda, o Brasil n\u00e3o parou de atacar a Portuguesa. J\u00e1 na reta final, Antony recebeu em boa jogada coletiva para marcar o sexto gol da tarde.<\/span><\/p>\n<p><span style=\"font-weight: 400;\">Sem parar de atacar, Jardine ainda fez mudan\u00e7as, colocando Fuchs e Igor Gomes nos lugares de Nino e Matheus Henrique. Com \u00f3timo desempenho ofensivo, Paulinho ainda recebeu mais um passe de Pedrinho para chutar no canto e marcar o 7 a 0.<\/span><\/p>\n<p>&nbsp;<\/p>\n<p><strong>Fonte:<\/strong>\u00a0CBF<\/p>\n","protected":false},"excerpt":{"rendered":"<p>Mais uma vit\u00f3ria na Granja Comary. Na tarde dessa ter\u00e7a-feira (14), o Brasil venceu a Portuguesa-RJ por 7 a 0 e encerrou a prepara\u00e7\u00e3o antes da viagem para a Col\u00f4mbia. Os gols foram marcados por Yuri Alberto, Bruno Tabata e Reinier no primeiro tempo, al\u00e9m de Matheus Cunha, Paulinho (duas vezes) e Antony na etapa [&hellip;]<\/p>\n","protected":false},"author":96,"featured_media":153915,"comment_status":"closed","ping_status":"closed","sticky":false,"template":"","format":"standard","meta":{"footnotes":""},"categories":[436,257,439],"tags":[],"class_list":["post-153914","post","type-post","status-publish","format-standard","has-post-thumbnail","hentry","category-destaque-da-semana","category-esporte","category-ultima-hora"],"_links":{"self":[{"href":"https:\/\/diarioregionaldigital.com.br\/index.php?rest_route=\/wp\/v2\/posts\/153914","targetHints":{"allow":["GET"]}}],"collection":[{"href":"https:\/\/diarioregionaldigital.com.br\/index.php?rest_route=\/wp\/v2\/posts"}],"about":[{"href":"https:\/\/diarioregionaldigital.com.br\/index.php?rest_route=\/wp\/v2\/types\/post"}],"author":[{"embeddable":true,"href":"https:\/\/diarioregionaldigital.com.br\/index.php?rest_route=\/wp\/v2\/users\/96"}],"replies":[{"embeddable":true,"href":"https:\/\/diarioregionaldigital.com.br\/index.php?rest_route=%2Fwp%2Fv2%2Fcomments&post=153914"}],"version-history":[{"count":0,"href":"https:\/\/diarioregionaldigital.com.br\/index.php?rest_route=\/wp\/v2\/posts\/153914\/revisions"}],"wp:featuredmedia":[{"embeddable":true,"href":"https:\/\/diarioregionaldigital.com.br\/index.php?rest_route=\/wp\/v2\/media\/153915"}],"wp:attachment":[{"href":"https:\/\/diarioregionaldigital.com.br\/index.php?rest_route=%2Fwp%2Fv2%2Fmedia&parent=153914"}],"wp:term":[{"taxonomy":"category","embeddable":true,"href":"https:\/\/diarioregionaldigital.com.br\/index.php?rest_route=%2Fwp%2Fv2%2Fcategories&post=153914"},{"taxonomy":"post_tag","embeddable":true,"href":"https:\/\/diarioregionaldigital.com.br\/index.php?rest_route=%2Fwp%2Fv2%2Ftags&post=153914"}],"curies":[{"name":"wp","href":"https:\/\/api.w.org\/{rel}","templated":true}]}}