{"id":153616,"date":"2020-01-09T15:37:16","date_gmt":"2020-01-09T17:37:16","guid":{"rendered":"https:\/\/diarioregionaldigital.com.br\/?p=153616"},"modified":"2020-01-09T15:37:16","modified_gmt":"2020-01-09T17:37:16","slug":"projeto-prorroga-deducao-no-ir-para-empregador-domestico","status":"publish","type":"post","link":"https:\/\/diarioregionaldigital.com.br\/?p=153616","title":{"rendered":"Projeto prorroga dedu\u00e7\u00e3o no IR para empregador dom\u00e9stico"},"content":{"rendered":"<p>O Projeto de Lei 1766\/19 prorroga at\u00e9 2024 a autoriza\u00e7\u00e3o para que empregadores deduzam do Imposto de Renda Pessoa F\u00edsica (IRPF) a contribui\u00e7\u00e3o patronal paga \u00e0 Previd\u00eancia Social pela contrata\u00e7\u00e3o de empregado dom\u00e9stico. De autoria do Senado, a proposta tramita na C\u00e2mara dos Deputados.<\/p>\n<p>A dedu\u00e7\u00e3o era aplic\u00e1vel desde 2006, por conta da Lei 11.324\/06, e vigorou at\u00e9 o ano de 2019. A medida foi institu\u00edda para incentivar a contrata\u00e7\u00e3o formal de empregados dom\u00e9sticos.<\/p>\n<p>Autor do projeto, o senador Reguffe (Podemos\u2013DF) sustenta que o texto mant\u00e9m o incentivo \u00e0 contrata\u00e7\u00e3o formal de empregados dom\u00e9sticos e impede o aumento da carga tribut\u00e1ria dos contribuintes.<\/p>\n<p>&nbsp;<\/p>\n<p>\u201cN\u00e3o \u00e9 razo\u00e1vel que as pessoas f\u00edsicas, ao empregarem expressivo contingente de trabalhadores em suas resid\u00eancias, sejam desestimuladas, pelo pr\u00f3prio governo, a mant\u00ea-los\u201d, explica o autor, na justificativa do projeto.<\/p>\n<p>&nbsp;<\/p>\n<p>Segundo estudo da organiza\u00e7\u00e3o n\u00e3o governamental Instituto Dom\u00e9stica Legal, com base em dados do Instituto Brasileiro de Geografia e Estat\u00edstica (IBGE), em 2018 existiam 6,2 milh\u00f5es de trabalhadores dom\u00e9sticos no Pa\u00eds, mas a taxa de empregados com carteira assinada recuou de 32% para 30%, entre 2015 e 2018.<\/p>\n<p>O projeto determina ainda que o Poder Executivo estime a ren\u00fancia fiscal decorrente da prorroga\u00e7\u00e3o do benef\u00edcio e inclua o montante nas propostas or\u00e7ament\u00e1rias dos exerc\u00edcios seguintes.<\/p>\n<p>&nbsp;<\/p>\n<p><strong>Tramita\u00e7\u00e3o<\/strong><\/p>\n<p>O projeto ser\u00e1 analisado pelas comiss\u00f5es de Finan\u00e7as e Tributa\u00e7\u00e3o; e de Constitui\u00e7\u00e3o e Justi\u00e7a e de Cidadania. Depois, seguir\u00e1 para o Plen\u00e1rio.<\/p>\n<p>&nbsp;<\/p>\n<p><strong>Fonte:\u00a0<\/strong>Ag\u00eancia C\u00e2mara<\/p>\n","protected":false},"excerpt":{"rendered":"<p>O Projeto de Lei 1766\/19 prorroga at\u00e9 2024 a autoriza\u00e7\u00e3o para que empregadores deduzam do Imposto de Renda Pessoa F\u00edsica (IRPF) a contribui\u00e7\u00e3o patronal paga \u00e0 Previd\u00eancia Social pela contrata\u00e7\u00e3o de empregado dom\u00e9stico. De autoria do Senado, a proposta tramita na C\u00e2mara dos Deputados. A dedu\u00e7\u00e3o era aplic\u00e1vel desde 2006, por conta da Lei 11.324\/06, [&hellip;]<\/p>\n","protected":false},"author":96,"featured_media":153617,"comment_status":"closed","ping_status":"closed","sticky":false,"template":"","format":"standard","meta":{"footnotes":""},"categories":[436,261,439],"tags":[],"class_list":["post-153616","post","type-post","status-publish","format-standard","has-post-thumbnail","hentry","category-destaque-da-semana","category-economia","category-ultima-hora"],"_links":{"self":[{"href":"https:\/\/diarioregionaldigital.com.br\/index.php?rest_route=\/wp\/v2\/posts\/153616","targetHints":{"allow":["GET"]}}],"collection":[{"href":"https:\/\/diarioregionaldigital.com.br\/index.php?rest_route=\/wp\/v2\/posts"}],"about":[{"href":"https:\/\/diarioregionaldigital.com.br\/index.php?rest_route=\/wp\/v2\/types\/post"}],"author":[{"embeddable":true,"href":"https:\/\/diarioregionaldigital.com.br\/index.php?rest_route=\/wp\/v2\/users\/96"}],"replies":[{"embeddable":true,"href":"https:\/\/diarioregionaldigital.com.br\/index.php?rest_route=%2Fwp%2Fv2%2Fcomments&post=153616"}],"version-history":[{"count":0,"href":"https:\/\/diarioregionaldigital.com.br\/index.php?rest_route=\/wp\/v2\/posts\/153616\/revisions"}],"wp:featuredmedia":[{"embeddable":true,"href":"https:\/\/diarioregionaldigital.com.br\/index.php?rest_route=\/wp\/v2\/media\/153617"}],"wp:attachment":[{"href":"https:\/\/diarioregionaldigital.com.br\/index.php?rest_route=%2Fwp%2Fv2%2Fmedia&parent=153616"}],"wp:term":[{"taxonomy":"category","embeddable":true,"href":"https:\/\/diarioregionaldigital.com.br\/index.php?rest_route=%2Fwp%2Fv2%2Fcategories&post=153616"},{"taxonomy":"post_tag","embeddable":true,"href":"https:\/\/diarioregionaldigital.com.br\/index.php?rest_route=%2Fwp%2Fv2%2Ftags&post=153616"}],"curies":[{"name":"wp","href":"https:\/\/api.w.org\/{rel}","templated":true}]}}