{"id":153594,"date":"2020-01-09T06:00:26","date_gmt":"2020-01-09T08:00:26","guid":{"rendered":"https:\/\/diarioregionaldigital.com.br\/?p=153594"},"modified":"2020-01-10T02:23:03","modified_gmt":"2020-01-10T04:23:03","slug":"153594","status":"publish","type":"post","link":"https:\/\/diarioregionaldigital.com.br\/?p=153594","title":{"rendered":"Patrim\u00f4nio"},"content":{"rendered":"<p style=\"text-align: center;\"><strong>Patrim\u00f4nio<\/strong><\/p>\n<p style=\"text-align: center;\">Em tempos de reflex\u00e3o a marcha para Jesus \u00e9 declarada bem imaterial e recebeu muitos aplausos pelos 4 cantos da cidade. O evento religioso em Juiz de Fora \u00e9 o primeiro a ganhar registro patrimonial sem ter passado por conselho Municipal de Preserva\u00e7\u00e3o do Patrim\u00f4nio Cultural.<\/p>\n<p style=\"text-align: center;\"><strong>Biometria<\/strong><\/p>\n<p style=\"text-align: center;\">Filas imensas est\u00e3o sendo formadas em ritmo de acelerar os eleitores para a biometria. Preocupada com o n\u00famero de ausentes a Justi\u00e7a Eleitoral come\u00e7ou uma s\u00e9rie de plant\u00f5es para atendimento. O prazo termina no fim de fevereiro, e a id\u00e9ia \u00e9 evitar a correria de \u00faltima hora que pode deixar muita gente fora do processo. Quem n\u00e3o fizer a migra\u00e7\u00e3o ter\u00e1 s\u00e9ria consequ\u00eancia como n\u00e3o participar de licita\u00e7\u00f5es ou de concursos p\u00fablicos e n\u00e3o poder tirar ou renovar o passaporte.<\/p>\n<p style=\"text-align: center;\"><strong>V\u00f4lei <\/strong><\/p>\n<p style=\"text-align: center;\">Iniciando a temporada 2020, o JF V\u00f4lei disputa a Superliga B no Gin\u00e1sio da FAEFID em Juiz de Fora. A tabela divulgada pela CBV confirmou o primeiro confronto para o dia 25 de janeiro (s\u00e1bado) contra o Vedacit\/V\u00f4lei Guarulhos. O diretor do JF-V\u00f4lei espera uma Superliga B t\u00e3o equilibrada quanto a \u00faltima edi\u00e7\u00e3o.<\/p>\n<p style=\"text-align: center;\"><strong>Gerson Guedes<\/strong><\/p>\n<p style=\"text-align: center;\">Din\u00e2mico e talentoso, o artista-pl\u00e1stico Gerson Guedes realizou seu sonho antigo inaugurando a Esta\u00e7\u00e3o Ibitipoca Casa de Arte- constru\u00edda em forma de esta\u00e7\u00e3o arte trem. A abertura marcou em estilo arte total, com uma exposi\u00e7\u00e3o in\u00e9dita de quadros inspirados no antigo ramal ferrovi\u00e1rio 342.<\/p>\n<p style=\"text-align: center;\"><strong>J\u00e1 \u00e9 ver\u00e3o:<\/strong>entre em sintonia com: muito filtro solar e chap\u00e9us lindos para eles e para elas&#8230; aderir a nata\u00e7\u00e3o no Sport Club Juiz de Fora&#8230;sand\u00e1lia Slip de salto m\u00e9dio da Arpel&#8230; Acess\u00f3rio de praia da By Candy&#8230;Bermudas e camisas bonitas da M.Marques&#8230;sorvetes da Casa das Trufas&#8230; a natureza de Ibitipoca&#8230;o carnaval no Rio de Janeiro&#8230;Tudo misturado.<\/p>\n<div id=\"attachment_153580\" style=\"width: 690px\" class=\"wp-caption aligncenter\"><img loading=\"lazy\" decoding=\"async\" aria-describedby=\"caption-attachment-153580\" class=\"wp-image-153580\" src=\"https:\/\/diarioregionaldigital.com.br\/wp-content\/uploads\/fotobb-2-e1578554772484.jpg\" alt=\"\" width=\"680\" height=\"527\" srcset=\"https:\/\/diarioregionaldigital.com.br\/wp-content\/uploads\/fotobb-2-e1578554772484.jpg 787w, https:\/\/diarioregionaldigital.com.br\/wp-content\/uploads\/fotobb-2-e1578554772484-300x233.jpg 300w, https:\/\/diarioregionaldigital.com.br\/wp-content\/uploads\/fotobb-2-e1578554772484-768x595.jpg 768w, https:\/\/diarioregionaldigital.com.br\/wp-content\/uploads\/fotobb-2-e1578554772484-360x279.jpg 360w\" sizes=\"auto, (max-width: 680px) 100vw, 680px\" \/><p id=\"caption-attachment-153580\" class=\"wp-caption-text\">Comemorando 35 anos de casados, o querido par Fernando Luis e Christina Baldioti foram aben\u00e7oados pelo Padre Pierre na Igreja S\u00e3o Jos\u00e9<\/p><\/div>\n<div id=\"attachment_153582\" style=\"width: 690px\" class=\"wp-caption aligncenter\"><img loading=\"lazy\" decoding=\"async\" aria-describedby=\"caption-attachment-153582\" class=\"wp-image-153582\" src=\"https:\/\/diarioregionaldigital.com.br\/wp-content\/uploads\/fotod-3-e1578554858613.jpg\" alt=\"\" width=\"680\" height=\"481\" srcset=\"https:\/\/diarioregionaldigital.com.br\/wp-content\/uploads\/fotod-3-e1578554858613.jpg 1614w, https:\/\/diarioregionaldigital.com.br\/wp-content\/uploads\/fotod-3-e1578554858613-300x212.jpg 300w, https:\/\/diarioregionaldigital.com.br\/wp-content\/uploads\/fotod-3-e1578554858613-768x543.jpg 768w, https:\/\/diarioregionaldigital.com.br\/wp-content\/uploads\/fotod-3-e1578554858613-1024x724.jpg 1024w, https:\/\/diarioregionaldigital.com.br\/wp-content\/uploads\/fotod-3-e1578554858613-750x530.jpg 750w, https:\/\/diarioregionaldigital.com.br\/wp-content\/uploads\/fotod-3-e1578554858613-360x254.jpg 360w, https:\/\/diarioregionaldigital.com.br\/wp-content\/uploads\/fotod-3-e1578554858613-100x70.jpg 100w\" sizes=\"auto, (max-width: 680px) 100vw, 680px\" \/><p id=\"caption-attachment-153582\" class=\"wp-caption-text\">Partindo para o Restaurante Oliva Bistr\u00f4 em Ibitipoca, Marc\u00edlio Gomes a \u2018chef\u2019 Ana Paula Esteves e Eduardo Gomes<\/p><\/div>\n<div id=\"attachment_153584\" style=\"width: 690px\" class=\"wp-caption aligncenter\"><img loading=\"lazy\" decoding=\"async\" aria-describedby=\"caption-attachment-153584\" class=\"wp-image-153584\" src=\"https:\/\/diarioregionaldigital.com.br\/wp-content\/uploads\/fotof-3-e1578554949512.jpg\" alt=\"\" width=\"680\" height=\"524\" srcset=\"https:\/\/diarioregionaldigital.com.br\/wp-content\/uploads\/fotof-3-e1578554949512.jpg 1160w, https:\/\/diarioregionaldigital.com.br\/wp-content\/uploads\/fotof-3-e1578554949512-300x231.jpg 300w, https:\/\/diarioregionaldigital.com.br\/wp-content\/uploads\/fotof-3-e1578554949512-768x592.jpg 768w, https:\/\/diarioregionaldigital.com.br\/wp-content\/uploads\/fotof-3-e1578554949512-1024x789.jpg 1024w, https:\/\/diarioregionaldigital.com.br\/wp-content\/uploads\/fotof-3-e1578554949512-360x277.jpg 360w\" sizes=\"auto, (max-width: 680px) 100vw, 680px\" \/><p id=\"caption-attachment-153584\" class=\"wp-caption-text\">Gente especial na Cacha\u00e7aria do Petisco no ver\u00e3o do Rio, Jeycow Ferraz e J\u00f4 Oliveira<\/p><\/div>\n<div id=\"attachment_153585\" style=\"width: 690px\" class=\"wp-caption aligncenter\"><img loading=\"lazy\" decoding=\"async\" aria-describedby=\"caption-attachment-153585\" class=\"wp-image-153585\" src=\"https:\/\/diarioregionaldigital.com.br\/wp-content\/uploads\/fotog-4-e1578554982422.jpg\" alt=\"\" width=\"680\" height=\"558\" srcset=\"https:\/\/diarioregionaldigital.com.br\/wp-content\/uploads\/fotog-4-e1578554982422.jpg 1164w, https:\/\/diarioregionaldigital.com.br\/wp-content\/uploads\/fotog-4-e1578554982422-300x246.jpg 300w, https:\/\/diarioregionaldigital.com.br\/wp-content\/uploads\/fotog-4-e1578554982422-768x630.jpg 768w, https:\/\/diarioregionaldigital.com.br\/wp-content\/uploads\/fotog-4-e1578554982422-1024x840.jpg 1024w, https:\/\/diarioregionaldigital.com.br\/wp-content\/uploads\/fotog-4-e1578554982422-220x180.jpg 220w, https:\/\/diarioregionaldigital.com.br\/wp-content\/uploads\/fotog-4-e1578554982422-360x295.jpg 360w\" sizes=\"auto, (max-width: 680px) 100vw, 680px\" \/><p id=\"caption-attachment-153585\" class=\"wp-caption-text\">Gente querida em fam\u00edlia no Quintas da Avenida, Andrea Barros, Victor Barros, Geraldo Costa e Irene Barros<\/p><\/div>\n<div id=\"attachment_153583\" style=\"width: 690px\" class=\"wp-caption aligncenter\"><img loading=\"lazy\" decoding=\"async\" aria-describedby=\"caption-attachment-153583\" class=\"wp-image-153583\" src=\"https:\/\/diarioregionaldigital.com.br\/wp-content\/uploads\/fotoe-3.jpg\" alt=\"\" width=\"680\" height=\"455\" srcset=\"https:\/\/diarioregionaldigital.com.br\/wp-content\/uploads\/fotoe-3.jpg 1757w, https:\/\/diarioregionaldigital.com.br\/wp-content\/uploads\/fotoe-3-300x201.jpg 300w, https:\/\/diarioregionaldigital.com.br\/wp-content\/uploads\/fotoe-3-768x514.jpg 768w, https:\/\/diarioregionaldigital.com.br\/wp-content\/uploads\/fotoe-3-1024x685.jpg 1024w, https:\/\/diarioregionaldigital.com.br\/wp-content\/uploads\/fotoe-3-360x241.jpg 360w\" sizes=\"auto, (max-width: 680px) 100vw, 680px\" \/><p id=\"caption-attachment-153583\" class=\"wp-caption-text\">No lan\u00e7amento da Revista Panorama no PPP, Alexandre Pereira, La\u00eds Andes, Rafael Panorama e Rachel Bittencourt<\/p><\/div>\n<div id=\"attachment_153586\" style=\"width: 690px\" class=\"wp-caption aligncenter\"><img loading=\"lazy\" decoding=\"async\" aria-describedby=\"caption-attachment-153586\" class=\"wp-image-153586\" src=\"https:\/\/diarioregionaldigital.com.br\/wp-content\/uploads\/fotoi-3-e1578555014780.jpg\" alt=\"\" width=\"680\" height=\"517\" srcset=\"https:\/\/diarioregionaldigital.com.br\/wp-content\/uploads\/fotoi-3-e1578555014780.jpg 1220w, https:\/\/diarioregionaldigital.com.br\/wp-content\/uploads\/fotoi-3-e1578555014780-300x228.jpg 300w, https:\/\/diarioregionaldigital.com.br\/wp-content\/uploads\/fotoi-3-e1578555014780-768x584.jpg 768w, https:\/\/diarioregionaldigital.com.br\/wp-content\/uploads\/fotoi-3-e1578555014780-1024x778.jpg 1024w, https:\/\/diarioregionaldigital.com.br\/wp-content\/uploads\/fotoi-3-e1578555014780-360x274.jpg 360w\" sizes=\"auto, (max-width: 680px) 100vw, 680px\" \/><p id=\"caption-attachment-153586\" class=\"wp-caption-text\">Lindos curtindo Cabo Frio, Norma Marcelino e o ator e personal Marcos Ot\u00e1vio<\/p><\/div>\n<div id=\"attachment_153587\" style=\"width: 690px\" class=\"wp-caption aligncenter\"><img loading=\"lazy\" decoding=\"async\" aria-describedby=\"caption-attachment-153587\" class=\"wp-image-153587\" src=\"https:\/\/diarioregionaldigital.com.br\/wp-content\/uploads\/fotoj-1.jpg\" alt=\"\" width=\"680\" height=\"459\" srcset=\"https:\/\/diarioregionaldigital.com.br\/wp-content\/uploads\/fotoj-1.jpg 1752w, https:\/\/diarioregionaldigital.com.br\/wp-content\/uploads\/fotoj-1-300x202.jpg 300w, https:\/\/diarioregionaldigital.com.br\/wp-content\/uploads\/fotoj-1-768x518.jpg 768w, https:\/\/diarioregionaldigital.com.br\/wp-content\/uploads\/fotoj-1-1024x691.jpg 1024w, https:\/\/diarioregionaldigital.com.br\/wp-content\/uploads\/fotoj-1-360x243.jpg 360w\" sizes=\"auto, (max-width: 680px) 100vw, 680px\" \/><p id=\"caption-attachment-153587\" class=\"wp-caption-text\">Comemorando seus 2 aninhos, Matheus com av\u00f3 Neuza Marsicano, a m\u00e3e Elisa Marsicano Mendes e o pai Marcelo Mendes<\/p><\/div>\n<div id=\"attachment_153578\" style=\"width: 690px\" class=\"wp-caption aligncenter\"><img loading=\"lazy\" decoding=\"async\" aria-describedby=\"caption-attachment-153578\" class=\"wp-image-153578\" src=\"https:\/\/diarioregionaldigital.com.br\/wp-content\/uploads\/fotoaaa-e1578555262202.jpg\" alt=\"\" width=\"680\" height=\"593\" srcset=\"https:\/\/diarioregionaldigital.com.br\/wp-content\/uploads\/fotoaaa-e1578555262202.jpg 382w, https:\/\/diarioregionaldigital.com.br\/wp-content\/uploads\/fotoaaa-e1578555262202-300x262.jpg 300w, https:\/\/diarioregionaldigital.com.br\/wp-content\/uploads\/fotoaaa-e1578555262202-360x314.jpg 360w\" sizes=\"auto, (max-width: 680px) 100vw, 680px\" \/><p id=\"caption-attachment-153578\" class=\"wp-caption-text\">Aniversariando hoje, 09, a esfuziante J\u00fa N\u00eaga<\/p><\/div>\n<div id=\"attachment_153579\" style=\"width: 690px\" class=\"wp-caption aligncenter\"><img loading=\"lazy\" decoding=\"async\" aria-describedby=\"caption-attachment-153579\" class=\"wp-image-153579\" src=\"https:\/\/diarioregionaldigital.com.br\/wp-content\/uploads\/fotob-3-e1578555236502.jpg\" alt=\"\" width=\"680\" height=\"706\" srcset=\"https:\/\/diarioregionaldigital.com.br\/wp-content\/uploads\/fotob-3-e1578555236502.jpg 1163w, https:\/\/diarioregionaldigital.com.br\/wp-content\/uploads\/fotob-3-e1578555236502-289x300.jpg 289w, https:\/\/diarioregionaldigital.com.br\/wp-content\/uploads\/fotob-3-e1578555236502-768x798.jpg 768w, https:\/\/diarioregionaldigital.com.br\/wp-content\/uploads\/fotob-3-e1578555236502-986x1024.jpg 986w, https:\/\/diarioregionaldigital.com.br\/wp-content\/uploads\/fotob-3-e1578555236502-360x374.jpg 360w\" sizes=\"auto, (max-width: 680px) 100vw, 680px\" \/><p id=\"caption-attachment-153579\" class=\"wp-caption-text\">As guardi\u00e3s da Pousada Ouro Fino em Cabo Frio, Naninha Monteiro Vianna e a m\u00e3e Aracy, em pleno ver\u00e3o praiano<\/p><\/div>\n<p style=\"text-align: center;\"><strong>FOTOSS\u00cdNTESE<\/strong><\/p>\n<p>Sintonizando alto astral, o cabeleireiro do ano Carlos Badico comemora anivers\u00e1rio no dia 14 de janeiro recebendo no Sal\u00e3o Ideali, na Braz Bernardino, de 12 as 19h, com qualquer nutri\u00e7\u00e3o profunda-escova por R$100 reais.<\/p>\n<p>Em boa hora j\u00e1 est\u00e1 em fase final de aprova\u00e7\u00e3o na C\u00e2mara Municipal de Juiz de Fora, o projeto do vereador Jos\u00e9 Fiorilo que d\u00e1 o nome do advogado e professor H\u00e9lio Am\u00e9rico Mendes \u00e0 tradicional Ponte da Leopoldina.<\/p>\n<p>Este colunista ficou sensivelmente emocionado ao ver tomar forma o Gin\u00e1sio Jornalista Ant\u00f4nio Marcos (Orelhinha). O saudosos companheiro do titular desta p\u00e1gina no Di\u00e1rio Regional e Jornal Panorama, deixou saudades.<\/p>\n<p>Sempre antenada com os acontecimentos, a jornalista Daniela Arbex \u00e9 digna de elogios. Seu livro \u201cTodo dia a mesma noite \u2013 A hist\u00f3ria n\u00e3o contada da boate Kiss\u201d, foi eleito um dos favoritos do ano pelo Instagram Capitulando.<\/p>\n<p>A turma da Zona Norte vai ganhar uma franquia do Burger King (Com \u2018drive thru\u2019) ao lado da Rodovi\u00e1ria.<\/p>\n<p>A modelo e DJ juiz-forana Carol Junqueira avisa a este colunista que est\u00e1 finalizando um novo trabalho em parceria com o DJ Valent, respons\u00e1vel por v\u00e1rios projetos na Inglaterra e Holanda.<\/p>\n<p>Isabela Ladeira, Guty Mendes e Rosana Brito que forma o L\u00fadica M\u00fasica fazem sucesso em temporada por Portugal. Eles lan\u00e7aram uma s\u00e9rie de v\u00eddeos em seu canal no You Tube.<\/p>\n<p>A Santa Casa de Miseric\u00f3rdia de Juiz de Fora concorreu ao Pr\u00eamio Core Federasantas com dois temas em Belo Horizonte: \u201cExperi\u00eancia do paciente \u2013 transplante de \u00f3rg\u00e3o\u201d e \u201cSustentabilidade econ\u00f4mico- financeira aumento de vendas no plano de sa\u00fade\u201d.<\/p>\n<p>O instituto de Artes e Design (IAD) da UFJF est\u00e1 em festa. O Bacharelado em Cinema e Audiovisual, recebeu o conceito m\u00e1ximo em avalia\u00e7\u00e3o pelo Instituto Nacional de Estudos e Pesquisas Educacionais Ant\u00f4nio Teixeira (INEP) \u00f3rg\u00e3o ligado ao MEC.<\/p>\n<p>Para n\u00e3o surtar, largue o celular e leia mais em 2020. Bom dia.<\/p>\n<p><img loading=\"lazy\" decoding=\"async\" class=\"aligncenter size-full wp-image-153524\" src=\"https:\/\/diarioregionaldigital.com.br\/wp-content\/uploads\/diario-pagina-05-1.jpg\" alt=\"\" width=\"3508\" height=\"1335\" srcset=\"https:\/\/diarioregionaldigital.com.br\/wp-content\/uploads\/diario-pagina-05-1.jpg 3508w, https:\/\/diarioregionaldigital.com.br\/wp-content\/uploads\/diario-pagina-05-1-300x114.jpg 300w, https:\/\/diarioregionaldigital.com.br\/wp-content\/uploads\/diario-pagina-05-1-768x292.jpg 768w, https:\/\/diarioregionaldigital.com.br\/wp-content\/uploads\/diario-pagina-05-1-1024x390.jpg 1024w, https:\/\/diarioregionaldigital.com.br\/wp-content\/uploads\/diario-pagina-05-1-360x137.jpg 360w\" sizes=\"auto, (max-width: 3508px) 100vw, 3508px\" \/><\/p>\n","protected":false},"excerpt":{"rendered":"<p>Patrim\u00f4nio Em tempos de reflex\u00e3o a marcha para Jesus \u00e9 declarada bem imaterial e recebeu muitos aplausos pelos 4 cantos da cidade. O evento religioso em Juiz de Fora \u00e9 o primeiro a ganhar registro patrimonial sem ter passado por conselho Municipal de Preserva\u00e7\u00e3o do Patrim\u00f4nio Cultural. Biometria Filas imensas est\u00e3o sendo formadas em ritmo [&hellip;]<\/p>\n","protected":false},"author":96,"featured_media":153580,"comment_status":"closed","ping_status":"closed","sticky":false,"template":"","format":"standard","meta":{"footnotes":""},"categories":[264],"tags":[],"class_list":["post-153594","post","type-post","status-publish","format-standard","has-post-thumbnail","hentry","category-eduardo-gomes"],"_links":{"self":[{"href":"https:\/\/diarioregionaldigital.com.br\/index.php?rest_route=\/wp\/v2\/posts\/153594","targetHints":{"allow":["GET"]}}],"collection":[{"href":"https:\/\/diarioregionaldigital.com.br\/index.php?rest_route=\/wp\/v2\/posts"}],"about":[{"href":"https:\/\/diarioregionaldigital.com.br\/index.php?rest_route=\/wp\/v2\/types\/post"}],"author":[{"embeddable":true,"href":"https:\/\/diarioregionaldigital.com.br\/index.php?rest_route=\/wp\/v2\/users\/96"}],"replies":[{"embeddable":true,"href":"https:\/\/diarioregionaldigital.com.br\/index.php?rest_route=%2Fwp%2Fv2%2Fcomments&post=153594"}],"version-history":[{"count":0,"href":"https:\/\/diarioregionaldigital.com.br\/index.php?rest_route=\/wp\/v2\/posts\/153594\/revisions"}],"wp:featuredmedia":[{"embeddable":true,"href":"https:\/\/diarioregionaldigital.com.br\/index.php?rest_route=\/wp\/v2\/media\/153580"}],"wp:attachment":[{"href":"https:\/\/diarioregionaldigital.com.br\/index.php?rest_route=%2Fwp%2Fv2%2Fmedia&parent=153594"}],"wp:term":[{"taxonomy":"category","embeddable":true,"href":"https:\/\/diarioregionaldigital.com.br\/index.php?rest_route=%2Fwp%2Fv2%2Fcategories&post=153594"},{"taxonomy":"post_tag","embeddable":true,"href":"https:\/\/diarioregionaldigital.com.br\/index.php?rest_route=%2Fwp%2Fv2%2Ftags&post=153594"}],"curies":[{"name":"wp","href":"https:\/\/api.w.org\/{rel}","templated":true}]}}