{"id":153574,"date":"2020-01-08T17:42:40","date_gmt":"2020-01-08T19:42:40","guid":{"rendered":"https:\/\/diarioregionaldigital.com.br\/?p=153574"},"modified":"2020-01-08T17:42:40","modified_gmt":"2020-01-08T19:42:40","slug":"contribuintes-com-imunidade-tributaria-terao-desconto-para-pagamento-da-tcrs","status":"publish","type":"post","link":"https:\/\/diarioregionaldigital.com.br\/?p=153574","title":{"rendered":"Contribuintes com imunidade tribut\u00e1ria ter\u00e3o desconto para pagamento da TCRS"},"content":{"rendered":"<p><span style=\"font-weight: 400;\">Est\u00e1 dispon\u00edvel no site da Prefeitura de Juiz de Fora (PJF) o carn\u00ea referente \u00e0 Taxa de Coleta de Res\u00edduos S\u00f3lidos (TCRS) para contribuintes que t\u00eam imunidade tribut\u00e1ria, conforme previsto no Artigo 150 da Constitui\u00e7\u00e3o Federal (CF). O documento pode ser emitido para pagamento com desconto de 10% at\u00e9 as 20h:00 de sexta-feira (10), no site pjf.mg.gov.br. Quem n\u00e3o tiver acesso \u00e0 internet poder\u00e1 solicitar o Documento de Arrecada\u00e7\u00e3o Municipal (DAM) no Espa\u00e7o Cidad\u00e3o JF ou nas regionais, das 8 \u00e0s 18 horas. O desconto \u00e9 v\u00e1lido para quem n\u00e3o tiver d\u00e9bito relacionado \u00e0 inscri\u00e7\u00e3o do im\u00f3vel.<\/span><\/p>\n<p><span style=\"font-weight: 400;\">De acordo com o Decreto Municipal n\u00ba 13.652 de 14 de junho de 2019, as pessoas jur\u00eddicas de Juiz de Fora que contam com o direito constitucional de n\u00e3o serem tributadas precisam apresentar, no Espa\u00e7o Cidad\u00e3o, a Autodeclara\u00e7\u00e3o de Imunidade Tribut\u00e1ria (Adit) para permanecerem com o benef\u00edcio. S\u00e3o elas: entidades sindicais de trabalhadores e institui\u00e7\u00f5es de educa\u00e7\u00e3o e assist\u00eancia social sem fins lucrativos; \u00f3rg\u00e3os governamentais, autarquias e funda\u00e7\u00f5es p\u00fablicas; partido pol\u00edtico e suas funda\u00e7\u00f5es; templos de qualquer culto. No link do decreto, \u00e9 poss\u00edvel acessar a Adit para ser preenchida e protocolizada no Espa\u00e7o Cidad\u00e3o JF.<\/span><\/p>\n<p>&nbsp;<\/p>\n<p><b>Onde pagar<\/b><\/p>\n<p><span style=\"font-weight: 400;\">Nos bancos do Brasil, Mercantil do Brasil, Bradesco, Santander, Bancoob e na Caixa Econ\u00f4mica Federal (CEF). As lot\u00e9ricas receber\u00e3o o pagamento at\u00e9 R$ 2 mil. Acima deste valor, dever\u00e1 ser feito, preferencialmente, pela internet\/office banking do seu banco, ou nos guich\u00eas da CEF, inclusive para os clientes de bancos n\u00e3o credenciados.<\/span><\/p>\n<p>&nbsp;<\/p>\n<p><b>Endere\u00e7os<\/b><\/p>\n<p><span style=\"font-weight: 400;\">&#8211;<\/span><i><span style=\"font-weight: 400;\"> Espa\u00e7o Cidad\u00e3o JF:<\/span><\/i><\/p>\n<p><span style=\"font-weight: 400;\">Avenida Bar\u00e3o do Rio Branco, 2.234 &#8211; Centro, ao lado do Parque Halfeld;<\/span><\/p>\n<p>&nbsp;<\/p>\n<p><span style=\"font-weight: 400;\">&#8211; <\/span><i><span style=\"font-weight: 400;\">Centros regionais:<\/span><\/i><\/p>\n<p><span style=\"font-weight: 400;\">Sul &#8211; Rua Porto das Flores, 270 &#8211; Bairro Santa Luzia;<\/span><\/p>\n<p><span style=\"font-weight: 400;\">Norte &#8211; Rua In\u00eas Garcia, 357 &#8211; Benfica;<\/span><\/p>\n<p><span style=\"font-weight: 400;\">Oeste &#8211; Rua Orestes Fabiano Alves, 65 &#8211; S\u00e3o Pedro;<\/span><\/p>\n<p><span style=\"font-weight: 400;\">Nordeste &#8211; Rua Santa Terezinha, 172 &#8211; Santa Terezinha.<\/span><\/p>\n<p>&nbsp;<\/p>\n<p><strong>Fonte:\u00a0<\/strong>Assessoria<\/p>\n","protected":false},"excerpt":{"rendered":"<p>Est\u00e1 dispon\u00edvel no site da Prefeitura de Juiz de Fora (PJF) o carn\u00ea referente \u00e0 Taxa de Coleta de Res\u00edduos S\u00f3lidos (TCRS) para contribuintes que t\u00eam imunidade tribut\u00e1ria, conforme previsto no Artigo 150 da Constitui\u00e7\u00e3o Federal (CF). O documento pode ser emitido para pagamento com desconto de 10% at\u00e9 as 20h:00 de sexta-feira (10), no [&hellip;]<\/p>\n","protected":false},"author":96,"featured_media":153575,"comment_status":"closed","ping_status":"closed","sticky":false,"template":"","format":"standard","meta":{"footnotes":""},"categories":[253,436,440,439],"tags":[],"class_list":["post-153574","post","type-post","status-publish","format-standard","has-post-thumbnail","hentry","category-cidade","category-destaque-da-semana","category-destaques-do-dia","category-ultima-hora"],"_links":{"self":[{"href":"https:\/\/diarioregionaldigital.com.br\/index.php?rest_route=\/wp\/v2\/posts\/153574","targetHints":{"allow":["GET"]}}],"collection":[{"href":"https:\/\/diarioregionaldigital.com.br\/index.php?rest_route=\/wp\/v2\/posts"}],"about":[{"href":"https:\/\/diarioregionaldigital.com.br\/index.php?rest_route=\/wp\/v2\/types\/post"}],"author":[{"embeddable":true,"href":"https:\/\/diarioregionaldigital.com.br\/index.php?rest_route=\/wp\/v2\/users\/96"}],"replies":[{"embeddable":true,"href":"https:\/\/diarioregionaldigital.com.br\/index.php?rest_route=%2Fwp%2Fv2%2Fcomments&post=153574"}],"version-history":[{"count":0,"href":"https:\/\/diarioregionaldigital.com.br\/index.php?rest_route=\/wp\/v2\/posts\/153574\/revisions"}],"wp:featuredmedia":[{"embeddable":true,"href":"https:\/\/diarioregionaldigital.com.br\/index.php?rest_route=\/wp\/v2\/media\/153575"}],"wp:attachment":[{"href":"https:\/\/diarioregionaldigital.com.br\/index.php?rest_route=%2Fwp%2Fv2%2Fmedia&parent=153574"}],"wp:term":[{"taxonomy":"category","embeddable":true,"href":"https:\/\/diarioregionaldigital.com.br\/index.php?rest_route=%2Fwp%2Fv2%2Fcategories&post=153574"},{"taxonomy":"post_tag","embeddable":true,"href":"https:\/\/diarioregionaldigital.com.br\/index.php?rest_route=%2Fwp%2Fv2%2Ftags&post=153574"}],"curies":[{"name":"wp","href":"https:\/\/api.w.org\/{rel}","templated":true}]}}