{"id":153568,"date":"2020-01-08T17:05:28","date_gmt":"2020-01-08T19:05:28","guid":{"rendered":"https:\/\/diarioregionaldigital.com.br\/?p=153568"},"modified":"2020-01-08T17:05:28","modified_gmt":"2020-01-08T19:05:28","slug":"inscricoes-para-festival-de-ferias-encerram-na-sexta-feira","status":"publish","type":"post","link":"https:\/\/diarioregionaldigital.com.br\/?p=153568","title":{"rendered":"Inscri\u00e7\u00f5es para \u201cFestival de F\u00e9rias\u201d encerram na sexta-feira"},"content":{"rendered":"<p><span style=\"font-weight: 400;\">Pais e respons\u00e1veis t\u00eam at\u00e9 sexta-feira (10(, das 8 \u00e0s 12 horas e das 14 \u00e0s 18 horas, para comparecer \u00e0 Secretaria de Esporte e Lazer (SEL) da Prefeitura de Juiz de Fora, e inscrever suas crian\u00e7as no \u201cFestival de F\u00e9rias\u201d, onde elas ter\u00e3o uma semana de atividades. As vagas s\u00e3o limitadas. A secretaria fica na Avenida Rui Barbosa, 530, Bairro Santa Terezinha. O \u201cFestival de F\u00e9rias\u201d marca o in\u00edcio do calend\u00e1rio esportivo da SEL, entre os dias 20 e 30, voltado para crian\u00e7as de seis a 13 anos. Elas participar\u00e3o de oficinas recreativas e esportivas, tais como brincadeiras, jogos, desenhos, palestras, queimada, dan\u00e7a e capoeira. Outras informa\u00e7\u00f5es pelo telefone 3690-7853.<\/span><\/p>\n<p>&nbsp;<\/p>\n<p><strong>Fonte:\u00a0<\/strong>Assessoria<\/p>\n","protected":false},"excerpt":{"rendered":"<p>Pais e respons\u00e1veis t\u00eam at\u00e9 sexta-feira (10(, das 8 \u00e0s 12 horas e das 14 \u00e0s 18 horas, para comparecer \u00e0 Secretaria de Esporte e Lazer (SEL) da Prefeitura de Juiz de Fora, e inscrever suas crian\u00e7as no \u201cFestival de F\u00e9rias\u201d, onde elas ter\u00e3o uma semana de atividades. As vagas s\u00e3o limitadas. A secretaria fica [&hellip;]<\/p>\n","protected":false},"author":96,"featured_media":153569,"comment_status":"closed","ping_status":"closed","sticky":false,"template":"","format":"standard","meta":{"footnotes":""},"categories":[436,257,439],"tags":[],"class_list":["post-153568","post","type-post","status-publish","format-standard","has-post-thumbnail","hentry","category-destaque-da-semana","category-esporte","category-ultima-hora"],"_links":{"self":[{"href":"https:\/\/diarioregionaldigital.com.br\/index.php?rest_route=\/wp\/v2\/posts\/153568","targetHints":{"allow":["GET"]}}],"collection":[{"href":"https:\/\/diarioregionaldigital.com.br\/index.php?rest_route=\/wp\/v2\/posts"}],"about":[{"href":"https:\/\/diarioregionaldigital.com.br\/index.php?rest_route=\/wp\/v2\/types\/post"}],"author":[{"embeddable":true,"href":"https:\/\/diarioregionaldigital.com.br\/index.php?rest_route=\/wp\/v2\/users\/96"}],"replies":[{"embeddable":true,"href":"https:\/\/diarioregionaldigital.com.br\/index.php?rest_route=%2Fwp%2Fv2%2Fcomments&post=153568"}],"version-history":[{"count":0,"href":"https:\/\/diarioregionaldigital.com.br\/index.php?rest_route=\/wp\/v2\/posts\/153568\/revisions"}],"wp:featuredmedia":[{"embeddable":true,"href":"https:\/\/diarioregionaldigital.com.br\/index.php?rest_route=\/wp\/v2\/media\/153569"}],"wp:attachment":[{"href":"https:\/\/diarioregionaldigital.com.br\/index.php?rest_route=%2Fwp%2Fv2%2Fmedia&parent=153568"}],"wp:term":[{"taxonomy":"category","embeddable":true,"href":"https:\/\/diarioregionaldigital.com.br\/index.php?rest_route=%2Fwp%2Fv2%2Fcategories&post=153568"},{"taxonomy":"post_tag","embeddable":true,"href":"https:\/\/diarioregionaldigital.com.br\/index.php?rest_route=%2Fwp%2Fv2%2Ftags&post=153568"}],"curies":[{"name":"wp","href":"https:\/\/api.w.org\/{rel}","templated":true}]}}