{"id":153562,"date":"2020-01-09T08:00:42","date_gmt":"2020-01-09T10:00:42","guid":{"rendered":"https:\/\/diarioregionaldigital.com.br\/?p=153562"},"modified":"2020-01-08T16:23:15","modified_gmt":"2020-01-08T18:23:15","slug":"tupi-entra-em-campo-para-avancar-na-copa-sp","status":"publish","type":"post","link":"https:\/\/diarioregionaldigital.com.br\/?p=153562","title":{"rendered":"Tupi entra em campo para avan\u00e7ar na Copa SP"},"content":{"rendered":"<p><span style=\"font-weight: 400;\">A garotada do Galo Carij\u00f3 entra em campo na tarde de hoje, pela \u00faltima rodada da fase de grupos da Copinha, diante do XV de Piracicaba, \u00e0s 13h:00 no Est\u00e1dio \u00cdtalo M\u00e1rio Limongi<\/span> <span style=\"font-weight: 400;\">em Indaiatuba no interior de S\u00e3o Paulo. O alvinegro precisa de apenas um empate ou vit\u00f3ria para se classificar para a segunda fase da Copa SP de Futebol J\u00fanior. J\u00e1 o XV de Piracicaba precisa da vit\u00f3ria e torcer pro Primavera vencer o Bahia, que se enfrentam \u00e0s 15h:15.<\/span><\/p>\n<p><span style=\"font-weight: 400;\">\u00a0Embalado pela grande vit\u00f3ria diante do Primavera na rodada passada, o Tupi \u00e9 o l\u00edder do Grupo 13 com 4 pontos, mesma pontua\u00e7\u00e3o do Bahia (2\u00ba colocado). J\u00e1 o XV de Piracicaba \u00e9 o 3\u00ba com 3 pontos conquistados e o Primavera ainda n\u00e3o pontuou.<\/span><\/p>\n<p>&nbsp;<\/p>\n<p><b>Possibilidades de classifica\u00e7\u00e3o<\/b><\/p>\n<p><span style=\"font-weight: 400;\">Caso o Tupi termine na lideran\u00e7a de seu grupo, ele enfrentar\u00e1 o 2\u00ba colocado do Grupo 14, que at\u00e9 o momento j\u00e1 tem o Athletico-PR com sua vaga e lideran\u00e7a do grupo garantidos. O \u00faltimo posto est\u00e1 sendo disputado entre Paulista (2\u00ba lugar: 2 pontos),\u00a0 Rio Claro (3\u00ba lugar:1 ponto) e Gama (4\u00ba lugar: 1 ponto). Se o Carij\u00f3 ficar com a vice-lideran\u00e7a do grupo, ele enfrentar\u00e1 a equipe do Athletico-PR. <\/span><b>\u00a0<\/b><\/p>\n<p>&nbsp;<\/p>\n<p><b>Jogos do Grupo 13:<\/b><\/p>\n<p><b>Tupi <\/b><span style=\"font-weight: 400;\">x XV de Piracicaba &#8211; 13h:00 (Est\u00e1dio \u00cdtalo M\u00e1rio Limongi\/Indaiatuba)<\/span><\/p>\n<p>&nbsp;<\/p>\n<p><span style=\"font-weight: 400;\">Primavera x Bahia &#8211; 15h:15 (Est\u00e1dio \u00cdtalo M\u00e1rio Limongi\/Indaiatuba)<\/span><\/p>\n<p>&nbsp;<\/p>\n<p><b>Jogos do Grupo 14:<\/b><\/p>\n<p><span style=\"font-weight: 400;\">Gama x Rio Claro &#8211; 14h:00 (Est\u00e1dio Doutor Jayme Cintra\/Jundia\u00ed)<\/span><\/p>\n<p>&nbsp;<\/p>\n<p><span style=\"font-weight: 400;\">Paulista x Athletico-PR &#8211; 16h:15 (Est\u00e1dio Doutor Jayme Cintra\/Jundia\u00ed)<\/span><\/p>\n<p>&nbsp;<\/p>\n","protected":false},"excerpt":{"rendered":"<p>A garotada do Galo Carij\u00f3 entra em campo na tarde de hoje, pela \u00faltima rodada da fase de grupos da Copinha, diante do XV de Piracicaba, \u00e0s 13h:00 no Est\u00e1dio \u00cdtalo M\u00e1rio Limongi em Indaiatuba no interior de S\u00e3o Paulo. O alvinegro precisa de apenas um empate ou vit\u00f3ria para se classificar para a segunda [&hellip;]<\/p>\n","protected":false},"author":96,"featured_media":153563,"comment_status":"closed","ping_status":"closed","sticky":false,"template":"","format":"standard","meta":{"footnotes":""},"categories":[436,257,439],"tags":[],"class_list":["post-153562","post","type-post","status-publish","format-standard","has-post-thumbnail","hentry","category-destaque-da-semana","category-esporte","category-ultima-hora"],"_links":{"self":[{"href":"https:\/\/diarioregionaldigital.com.br\/index.php?rest_route=\/wp\/v2\/posts\/153562","targetHints":{"allow":["GET"]}}],"collection":[{"href":"https:\/\/diarioregionaldigital.com.br\/index.php?rest_route=\/wp\/v2\/posts"}],"about":[{"href":"https:\/\/diarioregionaldigital.com.br\/index.php?rest_route=\/wp\/v2\/types\/post"}],"author":[{"embeddable":true,"href":"https:\/\/diarioregionaldigital.com.br\/index.php?rest_route=\/wp\/v2\/users\/96"}],"replies":[{"embeddable":true,"href":"https:\/\/diarioregionaldigital.com.br\/index.php?rest_route=%2Fwp%2Fv2%2Fcomments&post=153562"}],"version-history":[{"count":0,"href":"https:\/\/diarioregionaldigital.com.br\/index.php?rest_route=\/wp\/v2\/posts\/153562\/revisions"}],"wp:featuredmedia":[{"embeddable":true,"href":"https:\/\/diarioregionaldigital.com.br\/index.php?rest_route=\/wp\/v2\/media\/153563"}],"wp:attachment":[{"href":"https:\/\/diarioregionaldigital.com.br\/index.php?rest_route=%2Fwp%2Fv2%2Fmedia&parent=153562"}],"wp:term":[{"taxonomy":"category","embeddable":true,"href":"https:\/\/diarioregionaldigital.com.br\/index.php?rest_route=%2Fwp%2Fv2%2Fcategories&post=153562"},{"taxonomy":"post_tag","embeddable":true,"href":"https:\/\/diarioregionaldigital.com.br\/index.php?rest_route=%2Fwp%2Fv2%2Ftags&post=153562"}],"curies":[{"name":"wp","href":"https:\/\/api.w.org\/{rel}","templated":true}]}}