{"id":153249,"date":"2019-12-27T11:00:31","date_gmt":"2019-12-27T13:00:31","guid":{"rendered":"https:\/\/diarioregionaldigital.com.br\/?p=153249"},"modified":"2019-12-26T20:35:51","modified_gmt":"2019-12-26T22:35:51","slug":"empav-atua-durante-o-natal-nos-atendimentos-de-emergencia","status":"publish","type":"post","link":"https:\/\/diarioregionaldigital.com.br\/?p=153249","title":{"rendered":"Empav atua durante o Natal nos atendimentos de emerg\u00eancia"},"content":{"rendered":"<p>Devido ao temporal que atingiu Juiz de Fora na segunda-feira, dia 23, a Empresa Municipal de Pavimenta\u00e7\u00e3o e Urbaniza\u00e7\u00e3o (Empav) atuou durante o feriado de Natal. Tanto na ter\u00e7a, 24, quanto na quarta, 25, funcion\u00e1rios do setor de parques e jardins retiraram oito \u00e1rvores que ca\u00edram em dois pontos: na Estrada Engenheiro Gentil Forn, no Morro do Cristo, e na Pra\u00e7a Armando Toschi Ministrinho, no Bairro Jardim Gl\u00f3ria.<\/p>\n<p>&nbsp;<\/p>\n<p>&#8220;Desde o dia 1\u00ba estamos com equipe de parques e jardins de plant\u00e3o nos finais de semana e feriados, para o atendimento de emerg\u00eancias vindas da Defesa Civil, atrav\u00e9s do Plano de Conting\u00eancia. Isso est\u00e1 possibilitando retorno imediato, como o que fizemos essa semana&#8221;, explicou o diretor-presidente da Empav, F\u00falvio Albertoni.<\/p>\n<p>&nbsp;<\/p>\n<p>Nessa quinta-feira, 26, a empresa finalizou o trabalho na pra\u00e7a do Bairro Jardim Gl\u00f3ria, al\u00e9m de realizar a poda de grama e limpeza do Morro do Cristo, um dos mais importantes cart\u00f5es-postais de Juiz de Fora. Outras equipes trabalham na manuten\u00e7\u00e3o das pra\u00e7as Agassys e do Instituto de Previd\u00eancia dos Servidores do Estado de Minas Gerais (Ipsemg), no Mariano Proc\u00f3pio e no Mirante S\u00e3o Bernardo.<\/p>\n<p>&nbsp;<\/p>\n<p><strong>Fonte:\u00a0<\/strong>Assessoria<\/p>\n","protected":false},"excerpt":{"rendered":"<p>Devido ao temporal que atingiu Juiz de Fora na segunda-feira, dia 23, a Empresa Municipal de Pavimenta\u00e7\u00e3o e Urbaniza\u00e7\u00e3o (Empav) atuou durante o feriado de Natal. Tanto na ter\u00e7a, 24, quanto na quarta, 25, funcion\u00e1rios do setor de parques e jardins retiraram oito \u00e1rvores que ca\u00edram em dois pontos: na Estrada Engenheiro Gentil Forn, no [&hellip;]<\/p>\n","protected":false},"author":96,"featured_media":153250,"comment_status":"closed","ping_status":"closed","sticky":false,"template":"","format":"standard","meta":{"footnotes":""},"categories":[253,436,440,439],"tags":[],"class_list":["post-153249","post","type-post","status-publish","format-standard","has-post-thumbnail","hentry","category-cidade","category-destaque-da-semana","category-destaques-do-dia","category-ultima-hora"],"_links":{"self":[{"href":"https:\/\/diarioregionaldigital.com.br\/index.php?rest_route=\/wp\/v2\/posts\/153249","targetHints":{"allow":["GET"]}}],"collection":[{"href":"https:\/\/diarioregionaldigital.com.br\/index.php?rest_route=\/wp\/v2\/posts"}],"about":[{"href":"https:\/\/diarioregionaldigital.com.br\/index.php?rest_route=\/wp\/v2\/types\/post"}],"author":[{"embeddable":true,"href":"https:\/\/diarioregionaldigital.com.br\/index.php?rest_route=\/wp\/v2\/users\/96"}],"replies":[{"embeddable":true,"href":"https:\/\/diarioregionaldigital.com.br\/index.php?rest_route=%2Fwp%2Fv2%2Fcomments&post=153249"}],"version-history":[{"count":0,"href":"https:\/\/diarioregionaldigital.com.br\/index.php?rest_route=\/wp\/v2\/posts\/153249\/revisions"}],"wp:featuredmedia":[{"embeddable":true,"href":"https:\/\/diarioregionaldigital.com.br\/index.php?rest_route=\/wp\/v2\/media\/153250"}],"wp:attachment":[{"href":"https:\/\/diarioregionaldigital.com.br\/index.php?rest_route=%2Fwp%2Fv2%2Fmedia&parent=153249"}],"wp:term":[{"taxonomy":"category","embeddable":true,"href":"https:\/\/diarioregionaldigital.com.br\/index.php?rest_route=%2Fwp%2Fv2%2Fcategories&post=153249"},{"taxonomy":"post_tag","embeddable":true,"href":"https:\/\/diarioregionaldigital.com.br\/index.php?rest_route=%2Fwp%2Fv2%2Ftags&post=153249"}],"curies":[{"name":"wp","href":"https:\/\/api.w.org\/{rel}","templated":true}]}}