{"id":153246,"date":"2019-12-27T10:00:23","date_gmt":"2019-12-27T12:00:23","guid":{"rendered":"https:\/\/diarioregionaldigital.com.br\/?p=153246"},"modified":"2019-12-26T20:36:19","modified_gmt":"2019-12-26T22:36:19","slug":"combate-a-dengue-prefeitura-contabiliza-mais-de-200-acoes-de-educacao-em-saude-durante-2019","status":"publish","type":"post","link":"https:\/\/diarioregionaldigital.com.br\/?p=153246","title":{"rendered":"Combate \u00e0 dengue: Prefeitura contabiliza mais de 200 a\u00e7\u00f5es de Educa\u00e7\u00e3o em Sa\u00fade durante 2019"},"content":{"rendered":"<p>Teatro de fantoches, palestras e blitze educativas de conscientiza\u00e7\u00e3o contra a dengue j\u00e1 somam mais de 200 a\u00e7\u00f5es este ano. De acordo com o setor de Educa\u00e7\u00e3o em Sa\u00fade, do Departamento de Vigil\u00e2ncia Epidemiol\u00f3gica e Ambiental (Dvea), cerca de 40 mil pessoas foram impactadas diretamente com as atividades neste ano. O trabalho tem como objetivo ser ferramenta de alcance entre a Prefeitura de Juiz de Fora (PJF) e a popula\u00e7\u00e3o, levando conte\u00fado l\u00fadico para crian\u00e7as e materiais informativos para o p\u00fablico em geral, criando uma sensibiliza\u00e7\u00e3o para a luta contra mosquito Aedes aegypti.<\/p>\n<p>O \u00faltimo Levantamento do \u00cdndice R\u00e1pido do Aedes aegypti (Liraa), realizado em outubro, apontou que 98% dos focos ainda s\u00e3o encontrados dentro de resid\u00eancias e estabelecimentos comerciais. Durante as visitas, em uma \u00fanica casa, foram encontrados seis focos de Aedes aegypti em diversos pratos de planta, o que levou a Secretaria de Sa\u00fade (SS) a pensar que, al\u00e9m das a\u00e7\u00f5es de campo, como vistorias, limpezas e aplica\u00e7\u00e3o de larvicida, \u00e9 necess\u00e1rio trabalhar na mudan\u00e7a de comportamento da popula\u00e7\u00e3o.<\/p>\n<p>A supervisora do Projeto de Educa\u00e7\u00e3o em Sa\u00fade do Dvea, L\u00edvia Passarela, avalia o alcance das atividades como positivo neste ano. \u201cA mobiliza\u00e7\u00e3o social \u00e9 um dos pilares mais importantes na luta contra a dengue. Por isso, as a\u00e7\u00f5es de educa\u00e7\u00e3o em sa\u00fade s\u00e3o fundamentais, para que possamos criar multiplicadores\u201d, ressalta.<\/p>\n<p>&nbsp;<\/p>\n<p><strong>Fonte:\u00a0<\/strong>Assessoria<\/p>\n<p>&nbsp;<\/p>\n","protected":false},"excerpt":{"rendered":"<p>Teatro de fantoches, palestras e blitze educativas de conscientiza\u00e7\u00e3o contra a dengue j\u00e1 somam mais de 200 a\u00e7\u00f5es este ano. De acordo com o setor de Educa\u00e7\u00e3o em Sa\u00fade, do Departamento de Vigil\u00e2ncia Epidemiol\u00f3gica e Ambiental (Dvea), cerca de 40 mil pessoas foram impactadas diretamente com as atividades neste ano. O trabalho tem como objetivo [&hellip;]<\/p>\n","protected":false},"author":96,"featured_media":153247,"comment_status":"closed","ping_status":"closed","sticky":false,"template":"","format":"standard","meta":{"footnotes":""},"categories":[253,436,439],"tags":[],"class_list":["post-153246","post","type-post","status-publish","format-standard","has-post-thumbnail","hentry","category-cidade","category-destaque-da-semana","category-ultima-hora"],"_links":{"self":[{"href":"https:\/\/diarioregionaldigital.com.br\/index.php?rest_route=\/wp\/v2\/posts\/153246","targetHints":{"allow":["GET"]}}],"collection":[{"href":"https:\/\/diarioregionaldigital.com.br\/index.php?rest_route=\/wp\/v2\/posts"}],"about":[{"href":"https:\/\/diarioregionaldigital.com.br\/index.php?rest_route=\/wp\/v2\/types\/post"}],"author":[{"embeddable":true,"href":"https:\/\/diarioregionaldigital.com.br\/index.php?rest_route=\/wp\/v2\/users\/96"}],"replies":[{"embeddable":true,"href":"https:\/\/diarioregionaldigital.com.br\/index.php?rest_route=%2Fwp%2Fv2%2Fcomments&post=153246"}],"version-history":[{"count":0,"href":"https:\/\/diarioregionaldigital.com.br\/index.php?rest_route=\/wp\/v2\/posts\/153246\/revisions"}],"wp:featuredmedia":[{"embeddable":true,"href":"https:\/\/diarioregionaldigital.com.br\/index.php?rest_route=\/wp\/v2\/media\/153247"}],"wp:attachment":[{"href":"https:\/\/diarioregionaldigital.com.br\/index.php?rest_route=%2Fwp%2Fv2%2Fmedia&parent=153246"}],"wp:term":[{"taxonomy":"category","embeddable":true,"href":"https:\/\/diarioregionaldigital.com.br\/index.php?rest_route=%2Fwp%2Fv2%2Fcategories&post=153246"},{"taxonomy":"post_tag","embeddable":true,"href":"https:\/\/diarioregionaldigital.com.br\/index.php?rest_route=%2Fwp%2Fv2%2Ftags&post=153246"}],"curies":[{"name":"wp","href":"https:\/\/api.w.org\/{rel}","templated":true}]}}