{"id":153243,"date":"2019-12-27T10:30:35","date_gmt":"2019-12-27T12:30:35","guid":{"rendered":"https:\/\/diarioregionaldigital.com.br\/?p=153243"},"modified":"2019-12-26T20:29:12","modified_gmt":"2019-12-26T22:29:12","slug":"demlurb-suspende-coleta-de-lixo-no-feriado-de-quarta-feira","status":"publish","type":"post","link":"https:\/\/diarioregionaldigital.com.br\/?p=153243","title":{"rendered":"Demlurb suspende coleta de lixo no feriado de quarta-feira"},"content":{"rendered":"<p>O Departamento Municipal de Limpeza Urbana (Demlurb) da Prefeitura de Juiz de Fora suspender\u00e1 as coletas de lixo domiciliar e seletiva na pr\u00f3xima quarta-feira, 1\u00b0 de janeiro de 2020. Na ter\u00e7a-feira, 31, e quinta-feira, 2, as atividades ocorrer\u00e3o normalmente.<\/p>\n<p>Os ecopontos de recolhimento de restos da constru\u00e7\u00e3o civil, materiais recicl\u00e1veis, m\u00f3veis e eletrodom\u00e9sticos, localizados na Rua Diva Garcia, no Bairro Linhares; e em frente ao Est\u00e1dio Municipal, no Aeroporto; e o de pneus, na Rua Bartolomeu dos Santos, entre Benfica e S\u00e3o Dami\u00e3o, tamb\u00e9m seguir\u00e3o a mesma programa\u00e7\u00e3o.<\/p>\n<p>O atendimento no Canil Municipal ser\u00e1 em regime de plant\u00e3o, pelo telefone 3690-3591, para recolhimento de animais em risco nas vias.<\/p>\n<p>Para outras informa\u00e7\u00f5es sobre servi\u00e7os de limpeza p\u00fablica ou solicita\u00e7\u00f5es de capina ou varri\u00e7\u00e3o, o telefone de contato do Demlurb \u00e9 o 3690-3500, pelo Al\u00f4 Demlurb, que atende das 8 \u00e0s 18 horas, nos dias \u00fateis. No feriado, o contato emergencial dever\u00e1 ser feito pelo 3690-3502.<\/p>\n<p>&nbsp;<\/p>\n<p><strong>Fonte:<\/strong>\u00a0Assessoria<\/p>\n","protected":false},"excerpt":{"rendered":"<p>O Departamento Municipal de Limpeza Urbana (Demlurb) da Prefeitura de Juiz de Fora suspender\u00e1 as coletas de lixo domiciliar e seletiva na pr\u00f3xima quarta-feira, 1\u00b0 de janeiro de 2020. Na ter\u00e7a-feira, 31, e quinta-feira, 2, as atividades ocorrer\u00e3o normalmente. Os ecopontos de recolhimento de restos da constru\u00e7\u00e3o civil, materiais recicl\u00e1veis, m\u00f3veis e eletrodom\u00e9sticos, localizados na [&hellip;]<\/p>\n","protected":false},"author":96,"featured_media":153244,"comment_status":"closed","ping_status":"closed","sticky":false,"template":"","format":"standard","meta":{"footnotes":""},"categories":[253,436,440,439],"tags":[],"class_list":["post-153243","post","type-post","status-publish","format-standard","has-post-thumbnail","hentry","category-cidade","category-destaque-da-semana","category-destaques-do-dia","category-ultima-hora"],"_links":{"self":[{"href":"https:\/\/diarioregionaldigital.com.br\/index.php?rest_route=\/wp\/v2\/posts\/153243","targetHints":{"allow":["GET"]}}],"collection":[{"href":"https:\/\/diarioregionaldigital.com.br\/index.php?rest_route=\/wp\/v2\/posts"}],"about":[{"href":"https:\/\/diarioregionaldigital.com.br\/index.php?rest_route=\/wp\/v2\/types\/post"}],"author":[{"embeddable":true,"href":"https:\/\/diarioregionaldigital.com.br\/index.php?rest_route=\/wp\/v2\/users\/96"}],"replies":[{"embeddable":true,"href":"https:\/\/diarioregionaldigital.com.br\/index.php?rest_route=%2Fwp%2Fv2%2Fcomments&post=153243"}],"version-history":[{"count":0,"href":"https:\/\/diarioregionaldigital.com.br\/index.php?rest_route=\/wp\/v2\/posts\/153243\/revisions"}],"wp:featuredmedia":[{"embeddable":true,"href":"https:\/\/diarioregionaldigital.com.br\/index.php?rest_route=\/wp\/v2\/media\/153244"}],"wp:attachment":[{"href":"https:\/\/diarioregionaldigital.com.br\/index.php?rest_route=%2Fwp%2Fv2%2Fmedia&parent=153243"}],"wp:term":[{"taxonomy":"category","embeddable":true,"href":"https:\/\/diarioregionaldigital.com.br\/index.php?rest_route=%2Fwp%2Fv2%2Fcategories&post=153243"},{"taxonomy":"post_tag","embeddable":true,"href":"https:\/\/diarioregionaldigital.com.br\/index.php?rest_route=%2Fwp%2Fv2%2Ftags&post=153243"}],"curies":[{"name":"wp","href":"https:\/\/api.w.org\/{rel}","templated":true}]}}