{"id":153047,"date":"2019-12-19T21:05:42","date_gmt":"2019-12-19T23:05:42","guid":{"rendered":"https:\/\/diarioregionaldigital.com.br\/?p=153047"},"modified":"2019-12-19T21:05:42","modified_gmt":"2019-12-19T23:05:42","slug":"as-compras-perfeitas","status":"publish","type":"post","link":"https:\/\/diarioregionaldigital.com.br\/?p=153047","title":{"rendered":"AS COMPRAS PERFEITAS"},"content":{"rendered":"<p><span style=\"font-size: 18pt\">O Natal tamb\u00e9m \u00e9 uma \u00f3tima oportunidade<\/span><br \/>\n<span style=\"font-size: 18pt\">para se presentar, fazer aquele item desejo<\/span><br \/>\n<span style=\"font-size: 18pt\">sair da sua wishlist. E dois itens de moda s\u00e3o<\/span><br \/>\n<span style=\"font-size: 18pt\">os ideais para os investimentos: sapatos e bolsas! S\u00e3o \u00f3timos nessa categoria por serem<\/span><br \/>\n<span style=\"font-size: 18pt\">super vers\u00e1teis em um look, se repetem com<\/span><br \/>\n<span style=\"font-size: 18pt\">v\u00e1rias roupas do seu arm\u00e1rio e ser\u00e3o uma das<\/span><br \/>\n<span style=\"font-size: 18pt\">suas pe\u00e7as mais dur\u00e1veis!<\/span><\/p>\n<p>&nbsp;<\/p>\n<p><span style=\"font-size: 18pt\"><a href=\"https:\/\/diarioregionaldigital.com.br\/wp-content\/uploads\/2019\/12\/diario-pagina-07-22.pdf\">CLIQUE AQUI PARA LER A COLUNA COMPLETA<\/a><\/span><\/p>\n","protected":false},"excerpt":{"rendered":"<p>O Natal tamb\u00e9m \u00e9 uma \u00f3tima oportunidade para se presentar, fazer aquele item desejo sair da sua wishlist. E dois itens de moda s\u00e3o os ideais para os investimentos: sapatos e bolsas! S\u00e3o \u00f3timos nessa categoria por serem super vers\u00e1teis em um look, se repetem com v\u00e1rias roupas do seu arm\u00e1rio e ser\u00e3o uma das [&hellip;]<\/p>\n","protected":false},"author":96,"featured_media":153051,"comment_status":"closed","ping_status":"closed","sticky":false,"template":"","format":"standard","meta":{"footnotes":""},"categories":[1228],"tags":[],"class_list":["post-153047","post","type-post","status-publish","format-standard","has-post-thumbnail","hentry","category-moda-deusiane-ladeira"],"_links":{"self":[{"href":"https:\/\/diarioregionaldigital.com.br\/index.php?rest_route=\/wp\/v2\/posts\/153047","targetHints":{"allow":["GET"]}}],"collection":[{"href":"https:\/\/diarioregionaldigital.com.br\/index.php?rest_route=\/wp\/v2\/posts"}],"about":[{"href":"https:\/\/diarioregionaldigital.com.br\/index.php?rest_route=\/wp\/v2\/types\/post"}],"author":[{"embeddable":true,"href":"https:\/\/diarioregionaldigital.com.br\/index.php?rest_route=\/wp\/v2\/users\/96"}],"replies":[{"embeddable":true,"href":"https:\/\/diarioregionaldigital.com.br\/index.php?rest_route=%2Fwp%2Fv2%2Fcomments&post=153047"}],"version-history":[{"count":0,"href":"https:\/\/diarioregionaldigital.com.br\/index.php?rest_route=\/wp\/v2\/posts\/153047\/revisions"}],"wp:featuredmedia":[{"embeddable":true,"href":"https:\/\/diarioregionaldigital.com.br\/index.php?rest_route=\/wp\/v2\/media\/153051"}],"wp:attachment":[{"href":"https:\/\/diarioregionaldigital.com.br\/index.php?rest_route=%2Fwp%2Fv2%2Fmedia&parent=153047"}],"wp:term":[{"taxonomy":"category","embeddable":true,"href":"https:\/\/diarioregionaldigital.com.br\/index.php?rest_route=%2Fwp%2Fv2%2Fcategories&post=153047"},{"taxonomy":"post_tag","embeddable":true,"href":"https:\/\/diarioregionaldigital.com.br\/index.php?rest_route=%2Fwp%2Fv2%2Ftags&post=153047"}],"curies":[{"name":"wp","href":"https:\/\/api.w.org\/{rel}","templated":true}]}}