{"id":153045,"date":"2019-12-20T05:30:13","date_gmt":"2019-12-20T07:30:13","guid":{"rendered":"https:\/\/diarioregionaldigital.com.br\/?p=153045"},"modified":"2019-12-19T21:03:15","modified_gmt":"2019-12-19T23:03:15","slug":"camara-aprova-aumento-de-pena-para-quem-ferir-caes-e-gatos","status":"publish","type":"post","link":"https:\/\/diarioregionaldigital.com.br\/?p=153045","title":{"rendered":"C\u00e2mara aprova aumento de pena para quem ferir c\u00e3es e gatos"},"content":{"rendered":"<p>O Plen\u00e1rio da C\u00e2mara dos Deputados aprovou, nessa semana, o projeto de lei que aumenta a pena para maus-tratos de c\u00e3es e gatos. Aprovada na forma do substitutivo da comiss\u00e3o especial para o Projeto de Lei 1095\/19, do deputado Fred Costa (Patriota-MG), a mat\u00e9ria ser\u00e1 enviada ao Senado.<\/p>\n<p>A pena atual, de deten\u00e7\u00e3o de tr\u00eas meses a um ano e multa, aumentar\u00e1 para pena de reclus\u00e3o de dois a cinco anos e multa para quem abusa, fere ou mutila c\u00e3es e gatos. O texto aprovado prev\u00ea ainda a proibi\u00e7\u00e3o de guarda do animal.<\/p>\n<p>A puni\u00e7\u00e3o atual, prevista na Lei de Crimes Ambientais, \u00e9 aplicada para casos de viol\u00eancia contra animais silvestres, dom\u00e9sticos ou domesticados, nativos ou ex\u00f3ticos. A mudan\u00e7a aprovada, no entanto, atinge apenas c\u00e3es e gatos.<\/p>\n<p>O relator, deputado Celso Sabino (PSDB-PA), argumentou que a reclus\u00e3o \u00e9 mais indicada para os crimes contra c\u00e3es e gatos, que s\u00e3o \u201cos animais mais adotados como estima\u00e7\u00e3o e estabelecem rela\u00e7\u00e3o de intimidade\u201d com os donos. Ao contr\u00e1rio da deten\u00e7\u00e3o, a reclus\u00e3o pode ser imediatamente cumprida em regime fechado.<\/p>\n<p>&nbsp;<\/p>\n<p><span style=\"font-size: 14pt;\"><strong>Vers\u00e3o anterior<\/strong><\/span><\/p>\n<p>O texto original previa pena de reclus\u00e3o de um a quatro anos e multa para maus-tratos a todos os animais. No dia 11, o relator Celso Sabino chegou a divulgar um texto alternativo ainda mais rigoroso, no qual tipificava outras sete condutas criminosas, mas admitiu que houve resist\u00eancias \u00e0 proposta, o que o levou a apresentar um texto bem mais enxuto.<\/p>\n<p>&nbsp;<\/p>\n<p><strong>Fonte:\u00a0<\/strong>Ag\u00eancia C\u00e2mara<\/p>\n<p>&nbsp;<\/p>\n<p>&nbsp;<\/p>\n","protected":false},"excerpt":{"rendered":"<p>O Plen\u00e1rio da C\u00e2mara dos Deputados aprovou, nessa semana, o projeto de lei que aumenta a pena para maus-tratos de c\u00e3es e gatos. Aprovada na forma do substitutivo da comiss\u00e3o especial para o Projeto de Lei 1095\/19, do deputado Fred Costa (Patriota-MG), a mat\u00e9ria ser\u00e1 enviada ao Senado. A pena atual, de deten\u00e7\u00e3o de tr\u00eas [&hellip;]<\/p>\n","protected":false},"author":96,"featured_media":153048,"comment_status":"closed","ping_status":"closed","sticky":false,"template":"","format":"standard","meta":{"footnotes":""},"categories":[436,254,439],"tags":[],"class_list":["post-153045","post","type-post","status-publish","format-standard","has-post-thumbnail","hentry","category-destaque-da-semana","category-politica","category-ultima-hora"],"_links":{"self":[{"href":"https:\/\/diarioregionaldigital.com.br\/index.php?rest_route=\/wp\/v2\/posts\/153045","targetHints":{"allow":["GET"]}}],"collection":[{"href":"https:\/\/diarioregionaldigital.com.br\/index.php?rest_route=\/wp\/v2\/posts"}],"about":[{"href":"https:\/\/diarioregionaldigital.com.br\/index.php?rest_route=\/wp\/v2\/types\/post"}],"author":[{"embeddable":true,"href":"https:\/\/diarioregionaldigital.com.br\/index.php?rest_route=\/wp\/v2\/users\/96"}],"replies":[{"embeddable":true,"href":"https:\/\/diarioregionaldigital.com.br\/index.php?rest_route=%2Fwp%2Fv2%2Fcomments&post=153045"}],"version-history":[{"count":0,"href":"https:\/\/diarioregionaldigital.com.br\/index.php?rest_route=\/wp\/v2\/posts\/153045\/revisions"}],"wp:featuredmedia":[{"embeddable":true,"href":"https:\/\/diarioregionaldigital.com.br\/index.php?rest_route=\/wp\/v2\/media\/153048"}],"wp:attachment":[{"href":"https:\/\/diarioregionaldigital.com.br\/index.php?rest_route=%2Fwp%2Fv2%2Fmedia&parent=153045"}],"wp:term":[{"taxonomy":"category","embeddable":true,"href":"https:\/\/diarioregionaldigital.com.br\/index.php?rest_route=%2Fwp%2Fv2%2Fcategories&post=153045"},{"taxonomy":"post_tag","embeddable":true,"href":"https:\/\/diarioregionaldigital.com.br\/index.php?rest_route=%2Fwp%2Fv2%2Ftags&post=153045"}],"curies":[{"name":"wp","href":"https:\/\/api.w.org\/{rel}","templated":true}]}}