{"id":153039,"date":"2019-12-19T21:01:28","date_gmt":"2019-12-19T23:01:28","guid":{"rendered":"https:\/\/diarioregionaldigital.com.br\/?p=153039"},"modified":"2019-12-19T21:01:28","modified_gmt":"2019-12-19T23:01:28","slug":"beleza-inspiracoes-para-festas-de-fim-de-ano","status":"publish","type":"post","link":"https:\/\/diarioregionaldigital.com.br\/?p=153039","title":{"rendered":"BELEZA: INSPIRA\u00c7\u00d5ES PARA FESTAS DE FIM DE ANO"},"content":{"rendered":"<p><span style=\"font-size: 18pt\">N\u00f3s j\u00e1 entramos em dezembro e as festas de<\/span><br \/>\n<span style=\"font-size: 18pt\">fim de ano j\u00e1 est\u00e3o se aproximando. Uma das<\/span><br \/>\n<span style=\"font-size: 18pt\">grandes tend\u00eancias em quest\u00e3o de beleza,<\/span><br \/>\n<span style=\"font-size: 18pt\">s\u00e3o maquiagens leves mas com peles iluminadas e bem feitas. Aqui v\u00e3o algumas propostas<\/span><br \/>\n<span style=\"font-size: 18pt\">de como usar essa trend de formas diferentes.<\/span><\/p>\n<p>&nbsp;<\/p>\n<p><span style=\"font-size: 18pt\"><a href=\"https:\/\/diarioregionaldigital.com.br\/wp-content\/uploads\/2019\/12\/diario-pagina-07-21.pdf\">CLIQUE AQUI PARA LER A COLUNA COMPLETA<\/a><\/span><\/p>\n","protected":false},"excerpt":{"rendered":"<p>N\u00f3s j\u00e1 entramos em dezembro e as festas de fim de ano j\u00e1 est\u00e3o se aproximando. Uma das grandes tend\u00eancias em quest\u00e3o de beleza, s\u00e3o maquiagens leves mas com peles iluminadas e bem feitas. Aqui v\u00e3o algumas propostas de como usar essa trend de formas diferentes. &nbsp; CLIQUE AQUI PARA LER A COLUNA COMPLETA<\/p>\n","protected":false},"author":96,"featured_media":153041,"comment_status":"closed","ping_status":"closed","sticky":false,"template":"","format":"standard","meta":{"footnotes":""},"categories":[1228],"tags":[],"class_list":["post-153039","post","type-post","status-publish","format-standard","has-post-thumbnail","hentry","category-moda-deusiane-ladeira"],"_links":{"self":[{"href":"https:\/\/diarioregionaldigital.com.br\/index.php?rest_route=\/wp\/v2\/posts\/153039","targetHints":{"allow":["GET"]}}],"collection":[{"href":"https:\/\/diarioregionaldigital.com.br\/index.php?rest_route=\/wp\/v2\/posts"}],"about":[{"href":"https:\/\/diarioregionaldigital.com.br\/index.php?rest_route=\/wp\/v2\/types\/post"}],"author":[{"embeddable":true,"href":"https:\/\/diarioregionaldigital.com.br\/index.php?rest_route=\/wp\/v2\/users\/96"}],"replies":[{"embeddable":true,"href":"https:\/\/diarioregionaldigital.com.br\/index.php?rest_route=%2Fwp%2Fv2%2Fcomments&post=153039"}],"version-history":[{"count":0,"href":"https:\/\/diarioregionaldigital.com.br\/index.php?rest_route=\/wp\/v2\/posts\/153039\/revisions"}],"wp:featuredmedia":[{"embeddable":true,"href":"https:\/\/diarioregionaldigital.com.br\/index.php?rest_route=\/wp\/v2\/media\/153041"}],"wp:attachment":[{"href":"https:\/\/diarioregionaldigital.com.br\/index.php?rest_route=%2Fwp%2Fv2%2Fmedia&parent=153039"}],"wp:term":[{"taxonomy":"category","embeddable":true,"href":"https:\/\/diarioregionaldigital.com.br\/index.php?rest_route=%2Fwp%2Fv2%2Fcategories&post=153039"},{"taxonomy":"post_tag","embeddable":true,"href":"https:\/\/diarioregionaldigital.com.br\/index.php?rest_route=%2Fwp%2Fv2%2Ftags&post=153039"}],"curies":[{"name":"wp","href":"https:\/\/api.w.org\/{rel}","templated":true}]}}