{"id":153031,"date":"2019-12-19T20:49:41","date_gmt":"2019-12-19T22:49:41","guid":{"rendered":"https:\/\/diarioregionaldigital.com.br\/?p=153031"},"modified":"2019-12-19T20:49:41","modified_gmt":"2019-12-19T22:49:41","slug":"stella-mccartney-e-adidas-a-segunda-edicao-do-stan-smiths","status":"publish","type":"post","link":"https:\/\/diarioregionaldigital.com.br\/?p=153031","title":{"rendered":"STELLA MCCARTNEY E ADIDAS: A SEGUNDA EDI\u00c7\u00c3O DO STAN SMITHS"},"content":{"rendered":"<p><span style=\"font-size: 18pt\">Um ano ap\u00f3s expandir parceria com a Adidas<\/span><br \/>\n<span style=\"font-size: 18pt\">lan\u00e7ando o primeiro par de Stan Smiths veganos<\/span><br \/>\n<span style=\"font-size: 18pt\">da marca, Stella McCartney apresenta a segunda edi\u00e7\u00e3o: desta vez, o modelo teve seu pontilhado lateral substitu\u00eddo por estrelas nas cores do<\/span><br \/>\n<span style=\"font-size: 18pt\">arco-\u00edris, como tamb\u00e9m no par de cadar\u00e7os.<\/span><\/p>\n<p>&nbsp;<\/p>\n<p><span style=\"font-size: 18pt\"><a href=\"https:\/\/diarioregionaldigital.com.br\/wp-content\/uploads\/2019\/12\/diario-pagina-07-19.pdf\">CLIQUE AQUI PARA LER A COLUNA COMPLETA<\/a><\/span><\/p>\n","protected":false},"excerpt":{"rendered":"<p>Um ano ap\u00f3s expandir parceria com a Adidas lan\u00e7ando o primeiro par de Stan Smiths veganos da marca, Stella McCartney apresenta a segunda edi\u00e7\u00e3o: desta vez, o modelo teve seu pontilhado lateral substitu\u00eddo por estrelas nas cores do arco-\u00edris, como tamb\u00e9m no par de cadar\u00e7os. &nbsp; CLIQUE AQUI PARA LER A COLUNA COMPLETA<\/p>\n","protected":false},"author":96,"featured_media":153032,"comment_status":"closed","ping_status":"closed","sticky":false,"template":"","format":"standard","meta":{"footnotes":""},"categories":[1228],"tags":[],"class_list":["post-153031","post","type-post","status-publish","format-standard","has-post-thumbnail","hentry","category-moda-deusiane-ladeira"],"_links":{"self":[{"href":"https:\/\/diarioregionaldigital.com.br\/index.php?rest_route=\/wp\/v2\/posts\/153031","targetHints":{"allow":["GET"]}}],"collection":[{"href":"https:\/\/diarioregionaldigital.com.br\/index.php?rest_route=\/wp\/v2\/posts"}],"about":[{"href":"https:\/\/diarioregionaldigital.com.br\/index.php?rest_route=\/wp\/v2\/types\/post"}],"author":[{"embeddable":true,"href":"https:\/\/diarioregionaldigital.com.br\/index.php?rest_route=\/wp\/v2\/users\/96"}],"replies":[{"embeddable":true,"href":"https:\/\/diarioregionaldigital.com.br\/index.php?rest_route=%2Fwp%2Fv2%2Fcomments&post=153031"}],"version-history":[{"count":0,"href":"https:\/\/diarioregionaldigital.com.br\/index.php?rest_route=\/wp\/v2\/posts\/153031\/revisions"}],"wp:featuredmedia":[{"embeddable":true,"href":"https:\/\/diarioregionaldigital.com.br\/index.php?rest_route=\/wp\/v2\/media\/153032"}],"wp:attachment":[{"href":"https:\/\/diarioregionaldigital.com.br\/index.php?rest_route=%2Fwp%2Fv2%2Fmedia&parent=153031"}],"wp:term":[{"taxonomy":"category","embeddable":true,"href":"https:\/\/diarioregionaldigital.com.br\/index.php?rest_route=%2Fwp%2Fv2%2Fcategories&post=153031"},{"taxonomy":"post_tag","embeddable":true,"href":"https:\/\/diarioregionaldigital.com.br\/index.php?rest_route=%2Fwp%2Fv2%2Ftags&post=153031"}],"curies":[{"name":"wp","href":"https:\/\/api.w.org\/{rel}","templated":true}]}}