{"id":153027,"date":"2019-12-19T20:43:08","date_gmt":"2019-12-19T22:43:08","guid":{"rendered":"https:\/\/diarioregionaldigital.com.br\/?p=153027"},"modified":"2019-12-19T20:43:08","modified_gmt":"2019-12-19T22:43:08","slug":"estilo-minimalista-e-guarda-roupa-europeu","status":"publish","type":"post","link":"https:\/\/diarioregionaldigital.com.br\/?p=153027","title":{"rendered":"ESTILO MINIMALISTA E GUARDA-ROUPA EUROPEU"},"content":{"rendered":"<p><span style=\"font-size: 18pt\">Geralmente um guarda-roupa europeu ou arm\u00e1rio c\u00e1psula tem em m\u00e9dia 30 pe\u00e7as que combinam bem entre si, mas acima de tudo, ele deve<\/span><br \/>\n<span style=\"font-size: 18pt\">se adequar \u00e0s necessidades de quem vai usufru\u00ed-lo. Ent\u00e3o o ponta p\u00e9 inicial para montar o seu<\/span><br \/>\n<span style=\"font-size: 18pt\">arm\u00e1rio capsula ideal \u00e9 eleger as suas pe\u00e7as essenciais.<\/span><\/p>\n<p>&nbsp;<\/p>\n<p><span style=\"font-size: 18pt\"><a href=\"https:\/\/diarioregionaldigital.com.br\/wp-content\/uploads\/2019\/12\/diario-pagina-07-18.pdf\">CLIQUE AQUI PARA LER A COLUNA COMPLETA<\/a><\/span><\/p>\n","protected":false},"excerpt":{"rendered":"<p>Geralmente um guarda-roupa europeu ou arm\u00e1rio c\u00e1psula tem em m\u00e9dia 30 pe\u00e7as que combinam bem entre si, mas acima de tudo, ele deve se adequar \u00e0s necessidades de quem vai usufru\u00ed-lo. Ent\u00e3o o ponta p\u00e9 inicial para montar o seu arm\u00e1rio capsula ideal \u00e9 eleger as suas pe\u00e7as essenciais. &nbsp; CLIQUE AQUI PARA LER A [&hellip;]<\/p>\n","protected":false},"author":96,"featured_media":153029,"comment_status":"closed","ping_status":"closed","sticky":false,"template":"","format":"standard","meta":{"footnotes":""},"categories":[1228],"tags":[],"class_list":["post-153027","post","type-post","status-publish","format-standard","has-post-thumbnail","hentry","category-moda-deusiane-ladeira"],"_links":{"self":[{"href":"https:\/\/diarioregionaldigital.com.br\/index.php?rest_route=\/wp\/v2\/posts\/153027","targetHints":{"allow":["GET"]}}],"collection":[{"href":"https:\/\/diarioregionaldigital.com.br\/index.php?rest_route=\/wp\/v2\/posts"}],"about":[{"href":"https:\/\/diarioregionaldigital.com.br\/index.php?rest_route=\/wp\/v2\/types\/post"}],"author":[{"embeddable":true,"href":"https:\/\/diarioregionaldigital.com.br\/index.php?rest_route=\/wp\/v2\/users\/96"}],"replies":[{"embeddable":true,"href":"https:\/\/diarioregionaldigital.com.br\/index.php?rest_route=%2Fwp%2Fv2%2Fcomments&post=153027"}],"version-history":[{"count":0,"href":"https:\/\/diarioregionaldigital.com.br\/index.php?rest_route=\/wp\/v2\/posts\/153027\/revisions"}],"wp:featuredmedia":[{"embeddable":true,"href":"https:\/\/diarioregionaldigital.com.br\/index.php?rest_route=\/wp\/v2\/media\/153029"}],"wp:attachment":[{"href":"https:\/\/diarioregionaldigital.com.br\/index.php?rest_route=%2Fwp%2Fv2%2Fmedia&parent=153027"}],"wp:term":[{"taxonomy":"category","embeddable":true,"href":"https:\/\/diarioregionaldigital.com.br\/index.php?rest_route=%2Fwp%2Fv2%2Fcategories&post=153027"},{"taxonomy":"post_tag","embeddable":true,"href":"https:\/\/diarioregionaldigital.com.br\/index.php?rest_route=%2Fwp%2Fv2%2Ftags&post=153027"}],"curies":[{"name":"wp","href":"https:\/\/api.w.org\/{rel}","templated":true}]}}