{"id":153015,"date":"2019-12-19T17:28:38","date_gmt":"2019-12-19T19:28:38","guid":{"rendered":"https:\/\/diarioregionaldigital.com.br\/?p=153015"},"modified":"2019-12-19T17:28:38","modified_gmt":"2019-12-19T19:28:38","slug":"bc-eleva-estimativa-para-crescimento-do-pib-em-2019-e-2020","status":"publish","type":"post","link":"https:\/\/diarioregionaldigital.com.br\/?p=153015","title":{"rendered":"BC eleva estimativa para crescimento do PIB em 2019 e 2020"},"content":{"rendered":"<p>&nbsp;<\/p>\n<p>O Banco Central (BC) aumentou a proje\u00e7\u00e3o para o crescimento da economia neste ano e em 2020. A informa\u00e7\u00e3o foi divulgada hoje (19) no Relat\u00f3rio de Infla\u00e7\u00e3o, feito trimestralmente.<\/p>\n<p>A previs\u00e3o para a expans\u00e3o do Produto Interno Bruto (PIB), a soma de todos os bens e servi\u00e7os produzidos no pa\u00eds, em 2019 passou de 0,9%, previsto em setembro, para 1,2%. Para 2020, a proje\u00e7\u00e3o para o crescimento do PIB foi revisada de 1,8% para 2,2%.<\/p>\n<p>&nbsp;<\/p>\n<p><span style=\"font-size: 14pt;\"><strong>2019<\/strong><\/span><\/p>\n<p>Segundo o BC, o ajuste na proje\u00e7\u00e3o \u201crepercute os resultados divulgados pelo Instituto Brasileiro de Geografia e Estat\u00edstica (IBGE) para o terceiro trimestre do ano, a revis\u00e3o da s\u00e9rie hist\u00f3rica do PIB e o conjunto de informa\u00e7\u00f5es setoriais dispon\u00edveis para o trimestre em curso\u201d.<\/p>\n<p>Para o crescimento do quarto trimestre deste ano, o BC destacou o impulso decorrente das libera\u00e7\u00f5es extraordin\u00e1rias de recursos do Fundo de Garantia do Tempo de Servi\u00e7o (FGTS) e do Programa de Integra\u00e7\u00e3o Social (PIS)\/Programa de Forma\u00e7\u00e3o do Patrim\u00f4nio do Servidor P\u00fablico (Pasep).<\/p>\n<p>No \u00e2mbito da oferta, a previs\u00e3o para a varia\u00e7\u00e3o anual da agropecu\u00e1ria passou de 1,8% para 2%, \u201crefletindo revis\u00e3o das contas trimestrais e aumento da previs\u00e3o de abates, em cen\u00e1rio de forte eleva\u00e7\u00e3o dos pre\u00e7os de carnes\u201d.<\/p>\n<p>Segundo o BC, a proje\u00e7\u00e3o para o desempenho da atividade industrial passou de 0,1% para 0,7%, em decorr\u00eancia dos aumentos nas estimativas para ind\u00fastria extrativa (de -1,6% para -0,4%), ind\u00fastria de transforma\u00e7\u00e3o (de -0,2% para 0,2%) e, principalmente, constru\u00e7\u00e3o civil (de 0,1% para 2,1%), setor que apresentou crescimento significativo ao longo dos \u00faltimos dois trimestres, revertendo tend\u00eancia observada ao longo dos \u00faltimos anos.<\/p>\n<p>A proje\u00e7\u00e3o de expans\u00e3o da atividade do setor de servi\u00e7os em 2019 foi ligeiramente revisada (de 1% para 1,1%), com destaque para eleva\u00e7\u00f5es nas proje\u00e7\u00f5es para com\u00e9rcio (de 1,2% para 2%) e servi\u00e7os de informa\u00e7\u00e3o (de 2,5% para 3,5%). Em sentido oposto, as estimativas para outros servi\u00e7os e administra\u00e7\u00e3o, sa\u00fade e educa\u00e7\u00e3o p\u00fablicas foram reduzidas para 1,2% e -0,2%, na ordem, ante proje\u00e7\u00f5es anteriores de 1,6% e 0,1%.<\/p>\n<p>A estimativa de crescimento para o consumo das fam\u00edlias foi revista de 1,6% para 2%, enquanto para os investimentos (Forma\u00e7\u00e3o Bruta de Capital Fixo &#8211; FBCF), de 2,6% para 3,3%. A estimativa para o consumo do governo foi revisada de -0,3% para -0,6%.<\/p>\n<p>Para a exporta\u00e7\u00e3o e importa\u00e7\u00e3o de bens e servi\u00e7os, as estimativas ficaram em -3% e 1,7%, em 2019, respectivamente, ante proje\u00e7\u00f5es anteriores de -0,5% e 1,9%.<\/p>\n<p>&nbsp;<\/p>\n<p><span style=\"font-size: 14pt;\"><strong>2020<\/strong><\/span><\/p>\n<p>Para o BC, o maior impulso da economia em 2020 est\u00e1 condicionado ao cen\u00e1rio de continuidade das reformas e ajustes na economia brasileira.<\/p>\n<p>Para 2020, as previs\u00f5es para agropecu\u00e1ria, ind\u00fastria e servi\u00e7os foram revistas, respectivamente, para 2,9%, 2,9% e 1,7%, ante 2,6%, 2,2% e 1,4% no Relat\u00f3rio de Infla\u00e7\u00e3o anterior, divulgado em setembro.<\/p>\n<p>&nbsp;<\/p>\n<p>\u201cA eleva\u00e7\u00e3o na previs\u00e3o da atividade no setor prim\u00e1rio repercute os primeiros progn\u00f3sticos para a safra de 20203 e as boas perspectivas para a pecu\u00e1ria. Na ind\u00fastria e em servi\u00e7os, a eleva\u00e7\u00e3o nas previs\u00f5es foi bastante disseminada entre atividades, repercutindo melhores perspectivas para os diversos setores da economia\u201d, diz o BC.<\/p>\n<p>&nbsp;<\/p>\n<p>O BC estima expans\u00e3o de 2,3% para o consumo das fam\u00edlias e de 4,1% para a FBCF, ante 2,2% e 2,9%, respectivamente, na previs\u00e3o anterior. \u201cParte da alta na previs\u00e3o para a FBCF est\u00e1 associada a progn\u00f3stico mais favor\u00e1vel para a constru\u00e7\u00e3o civil\u201d, destaca.<\/p>\n<p>A proje\u00e7\u00e3o para o consumo do governo foi alterada de 0,5% para 0,3%. A estimativa para o crescimento das exporta\u00e7\u00f5es foi revista de 1,7% para 2,5%, enquanto a proje\u00e7\u00e3o para as importa\u00e7\u00f5es passou de 1,6% para 3,8%.<\/p>\n<p>&nbsp;<\/p>\n<p>\u201cO aumento na previs\u00e3o para as exporta\u00e7\u00f5es est\u00e1 associado, entre outros fatores, a eleva\u00e7\u00f5es nas estimativas de crescimento da produ\u00e7\u00e3o agropecu\u00e1ria e extrativa mineral, setores voltados ao mercado externo. O aumento na proje\u00e7\u00e3o para as importa\u00e7\u00f5es reflete as perspectivas favor\u00e1veis para a ind\u00fastria de transforma\u00e7\u00e3o e para a FBCF, com consequente aumento da demanda por insumos, m\u00e1quinas e equipamentos, bem como o aumento na proje\u00e7\u00e3o para o consumo das fam\u00edlias\u201d, conclui o BC.<\/p>\n<p>&nbsp;<\/p>\n<p><strong>Fonte:<\/strong>\u00a0Ag\u00eancia Brasil<\/p>\n","protected":false},"excerpt":{"rendered":"<p>&nbsp; O Banco Central (BC) aumentou a proje\u00e7\u00e3o para o crescimento da economia neste ano e em 2020. A informa\u00e7\u00e3o foi divulgada hoje (19) no Relat\u00f3rio de Infla\u00e7\u00e3o, feito trimestralmente. A previs\u00e3o para a expans\u00e3o do Produto Interno Bruto (PIB), a soma de todos os bens e servi\u00e7os produzidos no pa\u00eds, em 2019 passou de [&hellip;]<\/p>\n","protected":false},"author":96,"featured_media":153016,"comment_status":"closed","ping_status":"closed","sticky":false,"template":"","format":"standard","meta":{"footnotes":""},"categories":[436,261,439],"tags":[],"class_list":["post-153015","post","type-post","status-publish","format-standard","has-post-thumbnail","hentry","category-destaque-da-semana","category-economia","category-ultima-hora"],"_links":{"self":[{"href":"https:\/\/diarioregionaldigital.com.br\/index.php?rest_route=\/wp\/v2\/posts\/153015","targetHints":{"allow":["GET"]}}],"collection":[{"href":"https:\/\/diarioregionaldigital.com.br\/index.php?rest_route=\/wp\/v2\/posts"}],"about":[{"href":"https:\/\/diarioregionaldigital.com.br\/index.php?rest_route=\/wp\/v2\/types\/post"}],"author":[{"embeddable":true,"href":"https:\/\/diarioregionaldigital.com.br\/index.php?rest_route=\/wp\/v2\/users\/96"}],"replies":[{"embeddable":true,"href":"https:\/\/diarioregionaldigital.com.br\/index.php?rest_route=%2Fwp%2Fv2%2Fcomments&post=153015"}],"version-history":[{"count":0,"href":"https:\/\/diarioregionaldigital.com.br\/index.php?rest_route=\/wp\/v2\/posts\/153015\/revisions"}],"wp:featuredmedia":[{"embeddable":true,"href":"https:\/\/diarioregionaldigital.com.br\/index.php?rest_route=\/wp\/v2\/media\/153016"}],"wp:attachment":[{"href":"https:\/\/diarioregionaldigital.com.br\/index.php?rest_route=%2Fwp%2Fv2%2Fmedia&parent=153015"}],"wp:term":[{"taxonomy":"category","embeddable":true,"href":"https:\/\/diarioregionaldigital.com.br\/index.php?rest_route=%2Fwp%2Fv2%2Fcategories&post=153015"},{"taxonomy":"post_tag","embeddable":true,"href":"https:\/\/diarioregionaldigital.com.br\/index.php?rest_route=%2Fwp%2Fv2%2Ftags&post=153015"}],"curies":[{"name":"wp","href":"https:\/\/api.w.org\/{rel}","templated":true}]}}