{"id":153012,"date":"2019-12-19T17:13:58","date_gmt":"2019-12-19T19:13:58","guid":{"rendered":"https:\/\/diarioregionaldigital.com.br\/?p=153012"},"modified":"2019-12-19T17:13:58","modified_gmt":"2019-12-19T19:13:58","slug":"guedes-alta-da-inflacao-fara-salario-minimo-ficar-acima-de-r-1-031","status":"publish","type":"post","link":"https:\/\/diarioregionaldigital.com.br\/?p=153012","title":{"rendered":"Guedes: alta da infla\u00e7\u00e3o far\u00e1 sal\u00e1rio m\u00ednimo ficar acima de R$ 1.031"},"content":{"rendered":"<p>O valor do sal\u00e1rio m\u00ednimo para 2020, a ser anunciado at\u00e9 31 de dezembro, ficar\u00e1 acima dos R$ 1.031 aprovados no Or\u00e7amento Geral da Uni\u00e3o, disse h\u00e1 pouco o ministro da Economia, Paulo Guedes. Em entrevista coletiva para fazer um balan\u00e7o de fim de ano, ele disse que o valor final depender\u00e1 do \u00cdndice Nacional de Pre\u00e7os ao Consumidor (INPC), que mede a infla\u00e7\u00e3o para as fam\u00edlias de menor renda. No entanto, o recente repique da infla\u00e7\u00e3o deve elevar o m\u00ednimo para um sal\u00e1rio maior que o previsto.<\/p>\n<p>&nbsp;<\/p>\n<p>\u201cN\u00f3s temos de anunciar [o sal\u00e1rio m\u00ednimo] para o ano seguinte, e a cl\u00e1usula constitucional \u00e9 garantir a infla\u00e7\u00e3o. Foi [anunciado o valor de] R$ 1.031, mas a gente sabe que, como INPC repicou, vai ser de R$ 1.038\u201d, disse o ministro. Mais tarde, no entanto, Guedes afirmou que o valor pode ser maior, dependendo da infla\u00e7\u00e3o.<\/p>\n<p>O ministro ressaltou que a Constitui\u00e7\u00e3o determina a manuten\u00e7\u00e3o do poder de compra dos trabalhadores, sem ganho acima da infla\u00e7\u00e3o. Pela legisla\u00e7\u00e3o, o presidente Jair Bolsonaro tem at\u00e9 31 de dezembro para editar o decreto com o valor do sal\u00e1rio m\u00ednimo para 2020.<\/p>\n<p>Por causa da alta do d\u00f3lar nos \u00faltimos meses e da disparada do valor da carne, a infla\u00e7\u00e3o teve uma alta nos \u00faltimos meses do ano. Em novembro, o INPC fechou em 0,54%, a maior infla\u00e7\u00e3o para o m\u00eas desde 2015.<\/p>\n<p>O secret\u00e1rio especial de Fazenda do Minist\u00e9rio da Economia, Waldery Rodrigues, esclareceu que, para 2020, cada R$ 1 a mais no sal\u00e1rio m\u00ednimo impacta os gastos da Uni\u00e3o em cerca de R$ 320 milh\u00f5es. Cada 1% de reajuste eleva as despesas federais em R$ 4,5 bilh\u00f5es, por causa principalmente de gastos atrelados ao m\u00ednimo, como 81% dos benef\u00edcios da Previd\u00eancia Social e o Benef\u00edcio de Presta\u00e7\u00e3o Continuada (BPC).<\/p>\n<p>&nbsp;<\/p>\n<p><span style=\"font-size: 14pt;\"><strong>Pol\u00edtica de reajuste<\/strong><\/span><\/p>\n<p>O ministro confirmou que o valor do sal\u00e1rio m\u00ednimo ser\u00e1 definido anualmente, sem a pol\u00edtica de reajuste dos \u00faltimos anos. De 2015 a 2019, estava em vigor uma lei que fixava o reajuste do m\u00ednimo pelo INPC do ano anterior mais o crescimento do Produto Interno Bruto (PIB) de dois anos antes.<\/p>\n<p>Apesar de descartar uma nova pol\u00edtica de reajuste o m\u00ednimo, Guedes n\u00e3o afastou a possibilidade de que o m\u00ednimo volte a subir mais que a infla\u00e7\u00e3o nos pr\u00f3ximos anos. Ele, no entanto, informou que isso depender\u00e1 dos recursos dispon\u00edveis no Or\u00e7amento, cada vez mais comprimido pelo teto de gastos e por despesas impositivas.<\/p>\n<p>&nbsp;<\/p>\n<p><strong>Fonte:\u00a0<\/strong>Ag\u00eancia Brasil<\/p>\n","protected":false},"excerpt":{"rendered":"<p>O valor do sal\u00e1rio m\u00ednimo para 2020, a ser anunciado at\u00e9 31 de dezembro, ficar\u00e1 acima dos R$ 1.031 aprovados no Or\u00e7amento Geral da Uni\u00e3o, disse h\u00e1 pouco o ministro da Economia, Paulo Guedes. Em entrevista coletiva para fazer um balan\u00e7o de fim de ano, ele disse que o valor final depender\u00e1 do \u00cdndice Nacional [&hellip;]<\/p>\n","protected":false},"author":96,"featured_media":153013,"comment_status":"closed","ping_status":"closed","sticky":false,"template":"","format":"standard","meta":{"footnotes":""},"categories":[436,261,439],"tags":[],"class_list":["post-153012","post","type-post","status-publish","format-standard","has-post-thumbnail","hentry","category-destaque-da-semana","category-economia","category-ultima-hora"],"_links":{"self":[{"href":"https:\/\/diarioregionaldigital.com.br\/index.php?rest_route=\/wp\/v2\/posts\/153012","targetHints":{"allow":["GET"]}}],"collection":[{"href":"https:\/\/diarioregionaldigital.com.br\/index.php?rest_route=\/wp\/v2\/posts"}],"about":[{"href":"https:\/\/diarioregionaldigital.com.br\/index.php?rest_route=\/wp\/v2\/types\/post"}],"author":[{"embeddable":true,"href":"https:\/\/diarioregionaldigital.com.br\/index.php?rest_route=\/wp\/v2\/users\/96"}],"replies":[{"embeddable":true,"href":"https:\/\/diarioregionaldigital.com.br\/index.php?rest_route=%2Fwp%2Fv2%2Fcomments&post=153012"}],"version-history":[{"count":0,"href":"https:\/\/diarioregionaldigital.com.br\/index.php?rest_route=\/wp\/v2\/posts\/153012\/revisions"}],"wp:featuredmedia":[{"embeddable":true,"href":"https:\/\/diarioregionaldigital.com.br\/index.php?rest_route=\/wp\/v2\/media\/153013"}],"wp:attachment":[{"href":"https:\/\/diarioregionaldigital.com.br\/index.php?rest_route=%2Fwp%2Fv2%2Fmedia&parent=153012"}],"wp:term":[{"taxonomy":"category","embeddable":true,"href":"https:\/\/diarioregionaldigital.com.br\/index.php?rest_route=%2Fwp%2Fv2%2Fcategories&post=153012"},{"taxonomy":"post_tag","embeddable":true,"href":"https:\/\/diarioregionaldigital.com.br\/index.php?rest_route=%2Fwp%2Fv2%2Ftags&post=153012"}],"curies":[{"name":"wp","href":"https:\/\/api.w.org\/{rel}","templated":true}]}}