{"id":152500,"date":"2019-12-09T18:36:22","date_gmt":"2019-12-09T20:36:22","guid":{"rendered":"https:\/\/diarioregionaldigital.com.br\/?p=152500"},"modified":"2019-12-09T18:36:22","modified_gmt":"2019-12-09T20:36:22","slug":"canil-municipal-doa-nove-animais-no-ultimo-evento-do-ano","status":"publish","type":"post","link":"https:\/\/diarioregionaldigital.com.br\/?p=152500","title":{"rendered":"Canil Municipal doa nove animais no \u00faltimo evento do ano"},"content":{"rendered":"<p>O Canil Municipal do Departamento de Limpeza Urbana (Demlurb), realizou o \u00faltimo evento de ado\u00e7\u00e3o de 2019, na Pra\u00e7a C\u00edvica da Universidade Federal de Juiz de Fora (UFJF). De acordo com o Departamento de Controle Animal (Dcan), foram levados 30 animais, dos quais cinco c\u00e3es e quatro gatos foram adotados. Para a estudante de Medicina Veterin\u00e1ria do canil, Maria Eduarda Barros, ser volunt\u00e1ria, como ela, ajuda a popula\u00e7\u00e3o a perceber a import\u00e2ncia de cuidar dos animais: &#8220;De certa forma, esse tipo de evento ajuda a popula\u00e7\u00e3o a ter conhecimento da valoriza\u00e7\u00e3o da vida animal, e que a felicidade est\u00e1 nas coisas mais simples da vida. \u00c9 muito gratificante poder ajudar&#8221;. Ap\u00f3s ter ido ao curso de volunt\u00e1rios no in\u00edcio do ano, Vanildo de Oliveira Castro encontrou tamb\u00e9m motiva\u00e7\u00e3o para esse trabalho: \u201cAcho importante poder participar, porque isso ajuda os animais abandonados a encontrarem um lar\u201d.<\/p>\n<p>O casal Luiz Hernesto Rabello e Julia Franklin adotou uma gatinha: &#8220;Sempre tivemos vontade em ter um animalzinho, mas n\u00e3o sab\u00edamos os lugares para poder adotar. A\u00ed descobrimos o canil e fomos orientados sobre o evento. Estamos muito ansiosos, por ser nosso primeiro bichinho.&#8221; Adotante da cachorrinha \u201cLuna\u201d, Ilson da Cruz J\u00fanior tamb\u00e9m ficou muito feliz em poder ajudar: &#8220;\u00c9 muito bom poder dar um lar a ela&#8221;.<\/p>\n<p>E ele ficou mais feliz ainda quando foi sorteada entre os adotantes de c\u00e3es uma cesta com v\u00e1rios itens, oferecida pela empresa parceira Matsuda Pet. E ele foi o ganhador. O evento ainda teve como parceiros a empresa Agrotela e a UFJF. Quem n\u00e3o foi ao evento, mas deseja adotar um amigo, pode entrar em contato com o \u201cDisque-ado\u00e7\u00e3o\u201d, pelo telefone 3225-9933, ou fazer uma visita no Canil Municipal, aberto de segunda a sexta-feira, das 9 horas \u00e0s 10h30 e das 12 \u00e0s 16 horas. O endere\u00e7o \u00e9 Rua Bartolomeu dos Santos, Bairro S\u00e3o Dami\u00e3o. Acompanhe o trabalho pela p\u00e1gina do facebook e o perfil do instagram (@canilmunicipaljuizdefora).<\/p>\n<p>&nbsp;<\/p>\n<p><strong>Fonte:\u00a0<\/strong>Assessoria<\/p>\n","protected":false},"excerpt":{"rendered":"<p>O Canil Municipal do Departamento de Limpeza Urbana (Demlurb), realizou o \u00faltimo evento de ado\u00e7\u00e3o de 2019, na Pra\u00e7a C\u00edvica da Universidade Federal de Juiz de Fora (UFJF). De acordo com o Departamento de Controle Animal (Dcan), foram levados 30 animais, dos quais cinco c\u00e3es e quatro gatos foram adotados. Para a estudante de Medicina [&hellip;]<\/p>\n","protected":false},"author":96,"featured_media":152501,"comment_status":"closed","ping_status":"closed","sticky":false,"template":"","format":"standard","meta":{"footnotes":""},"categories":[253,436,439],"tags":[],"class_list":["post-152500","post","type-post","status-publish","format-standard","has-post-thumbnail","hentry","category-cidade","category-destaque-da-semana","category-ultima-hora"],"_links":{"self":[{"href":"https:\/\/diarioregionaldigital.com.br\/index.php?rest_route=\/wp\/v2\/posts\/152500","targetHints":{"allow":["GET"]}}],"collection":[{"href":"https:\/\/diarioregionaldigital.com.br\/index.php?rest_route=\/wp\/v2\/posts"}],"about":[{"href":"https:\/\/diarioregionaldigital.com.br\/index.php?rest_route=\/wp\/v2\/types\/post"}],"author":[{"embeddable":true,"href":"https:\/\/diarioregionaldigital.com.br\/index.php?rest_route=\/wp\/v2\/users\/96"}],"replies":[{"embeddable":true,"href":"https:\/\/diarioregionaldigital.com.br\/index.php?rest_route=%2Fwp%2Fv2%2Fcomments&post=152500"}],"version-history":[{"count":0,"href":"https:\/\/diarioregionaldigital.com.br\/index.php?rest_route=\/wp\/v2\/posts\/152500\/revisions"}],"wp:featuredmedia":[{"embeddable":true,"href":"https:\/\/diarioregionaldigital.com.br\/index.php?rest_route=\/wp\/v2\/media\/152501"}],"wp:attachment":[{"href":"https:\/\/diarioregionaldigital.com.br\/index.php?rest_route=%2Fwp%2Fv2%2Fmedia&parent=152500"}],"wp:term":[{"taxonomy":"category","embeddable":true,"href":"https:\/\/diarioregionaldigital.com.br\/index.php?rest_route=%2Fwp%2Fv2%2Fcategories&post=152500"},{"taxonomy":"post_tag","embeddable":true,"href":"https:\/\/diarioregionaldigital.com.br\/index.php?rest_route=%2Fwp%2Fv2%2Ftags&post=152500"}],"curies":[{"name":"wp","href":"https:\/\/api.w.org\/{rel}","templated":true}]}}