{"id":152470,"date":"2019-12-09T16:57:01","date_gmt":"2019-12-09T18:57:01","guid":{"rendered":"https:\/\/diarioregionaldigital.com.br\/?p=152470"},"modified":"2019-12-09T16:57:01","modified_gmt":"2019-12-09T18:57:01","slug":"receita-federal-exigira-cpf-cnpj-nas-encomendas-internacionais","status":"publish","type":"post","link":"https:\/\/diarioregionaldigital.com.br\/?p=152470","title":{"rendered":"Receita Federal exigir\u00e1 CPF\/CNPJ nas encomendas internacionais"},"content":{"rendered":"<p>A Receita Federal do Brasil exigir\u00e1, a partir de 1\u00ba de janeiro de 2020, que todas as encomendas e remessas internacionais possuam a identifica\u00e7\u00e3o do CPF\/CNPJ\/N\u00famero do Passaporte do destinat\u00e1rio para ter o despacho aduaneiro iniciado. A falta dessa informa\u00e7\u00e3o poder\u00e1 acarretar a proibi\u00e7\u00e3o da entrada da encomenda e sua devolu\u00e7\u00e3o ao exterior ou destrui\u00e7\u00e3o, nos casos em que a devolu\u00e7\u00e3o n\u00e3o seja poss\u00edvel.<\/p>\n<p>Essa informa\u00e7\u00e3o deve ser prestada na hora da compra\u00a0<em>on-line<\/em>\u00a0e encaminhada juntamente com a encomenda em seu transporte. Caso n\u00e3o seja informado no momento da compra, ou o remetente n\u00e3o os encaminhe o dado juntamente com a remessa, os Correios possuem uma ferramenta para presta\u00e7\u00e3o dessa informa\u00e7\u00e3o na p\u00e1gina da internet, por meio do\u00a0rastreamento\u00a0ou do portal &#8220;Minhas Importa\u00e7\u00f5es&#8221;. Ser\u00e1 necess\u00e1rio realizar o cadastro no Portal, informando o CPF (pessoa f\u00edsica), CNPJ (pessoa jur\u00eddica) ou N\u00famero do Passaporte (estrangeiro), bem como definir login e senha.<\/p>\n<p>Ap\u00f3s o cadastro, informa a Receita, basta realizar a pesquisa por encomendas e fazer a vincula\u00e7\u00e3o das remessas no ambiente \u201cMinhas Importa\u00e7\u00f5es\u201d. Somente ap\u00f3s a presta\u00e7\u00e3o dessa informa\u00e7\u00e3o, as encomendas poder\u00e3o ser apresentadas \u00e0 fiscaliza\u00e7\u00e3o aduaneira.<\/p>\n<p>&nbsp;<\/p>\n<p><strong>Fonte:\u00a0<\/strong>Ag\u00eancia Brasil<\/p>\n","protected":false},"excerpt":{"rendered":"<p>A Receita Federal do Brasil exigir\u00e1, a partir de 1\u00ba de janeiro de 2020, que todas as encomendas e remessas internacionais possuam a identifica\u00e7\u00e3o do CPF\/CNPJ\/N\u00famero do Passaporte do destinat\u00e1rio para ter o despacho aduaneiro iniciado. A falta dessa informa\u00e7\u00e3o poder\u00e1 acarretar a proibi\u00e7\u00e3o da entrada da encomenda e sua devolu\u00e7\u00e3o ao exterior ou destrui\u00e7\u00e3o, [&hellip;]<\/p>\n","protected":false},"author":96,"featured_media":152471,"comment_status":"closed","ping_status":"closed","sticky":false,"template":"","format":"standard","meta":{"footnotes":""},"categories":[436,261,439],"tags":[],"class_list":["post-152470","post","type-post","status-publish","format-standard","has-post-thumbnail","hentry","category-destaque-da-semana","category-economia","category-ultima-hora"],"_links":{"self":[{"href":"https:\/\/diarioregionaldigital.com.br\/index.php?rest_route=\/wp\/v2\/posts\/152470","targetHints":{"allow":["GET"]}}],"collection":[{"href":"https:\/\/diarioregionaldigital.com.br\/index.php?rest_route=\/wp\/v2\/posts"}],"about":[{"href":"https:\/\/diarioregionaldigital.com.br\/index.php?rest_route=\/wp\/v2\/types\/post"}],"author":[{"embeddable":true,"href":"https:\/\/diarioregionaldigital.com.br\/index.php?rest_route=\/wp\/v2\/users\/96"}],"replies":[{"embeddable":true,"href":"https:\/\/diarioregionaldigital.com.br\/index.php?rest_route=%2Fwp%2Fv2%2Fcomments&post=152470"}],"version-history":[{"count":0,"href":"https:\/\/diarioregionaldigital.com.br\/index.php?rest_route=\/wp\/v2\/posts\/152470\/revisions"}],"wp:featuredmedia":[{"embeddable":true,"href":"https:\/\/diarioregionaldigital.com.br\/index.php?rest_route=\/wp\/v2\/media\/152471"}],"wp:attachment":[{"href":"https:\/\/diarioregionaldigital.com.br\/index.php?rest_route=%2Fwp%2Fv2%2Fmedia&parent=152470"}],"wp:term":[{"taxonomy":"category","embeddable":true,"href":"https:\/\/diarioregionaldigital.com.br\/index.php?rest_route=%2Fwp%2Fv2%2Fcategories&post=152470"},{"taxonomy":"post_tag","embeddable":true,"href":"https:\/\/diarioregionaldigital.com.br\/index.php?rest_route=%2Fwp%2Fv2%2Ftags&post=152470"}],"curies":[{"name":"wp","href":"https:\/\/api.w.org\/{rel}","templated":true}]}}