{"id":152467,"date":"2019-12-09T16:47:18","date_gmt":"2019-12-09T18:47:18","guid":{"rendered":"https:\/\/diarioregionaldigital.com.br\/?p=152467"},"modified":"2019-12-09T16:47:18","modified_gmt":"2019-12-09T18:47:18","slug":"media-de-juro-do-cheque-especial-fecha-ano-menor-que-no-inicio-de-2019","status":"publish","type":"post","link":"https:\/\/diarioregionaldigital.com.br\/?p=152467","title":{"rendered":"M\u00e9dia de juro do cheque especial fecha ano menor que no in\u00edcio de 2019"},"content":{"rendered":"<p>As taxas m\u00e9dias de juros do cheque especial e do empr\u00e9stimo pessoal terminaram 2019 menores que as do in\u00edcio do ano, de acordo com levantamento feito pelo N\u00facleo de Intelig\u00eancia e Pesquisas da Escola de Prote\u00e7\u00e3o e Defesa do Consumidor da Funda\u00e7\u00e3o Procon de S\u00e3o Paulo. O levantamento envolveu seis institui\u00e7\u00f5es financeiras: Banco do Brasil, Bradesco, Caixa Econ\u00f4mica Federal, Ita\u00fa, Safra e Santander.<\/p>\n<p>De acordo com a an\u00e1lise, a m\u00e9dia dos juros para o cheque especial iniciou o ano em 13,44% ao m\u00eas (a.m.) e terminou em 12,57% ao m\u00eas, registrando varia\u00e7\u00e3o negativa de 6,47%. O banco que apresentou a maior taxa m\u00e9dia anual de cheque especial foi o Santander, com 14,94% a.m.; a menor taxa m\u00e9dia anual foi a da Caixa Econ\u00f4mica Federal, com 11,98% a.m.; diferen\u00e7a de 2,96 pontos percentuais, representando varia\u00e7\u00e3o de 24,71%.<\/p>\n<p>A taxa m\u00e9dia do cheque especial em 2019 foi de 13,17% a.m., indicando decr\u00e9scimo de 0,09 ponto percentual em rela\u00e7\u00e3o \u00e0 taxa m\u00e9dia de 2018, que foi 13,26% a.m.<\/p>\n<p>No empr\u00e9stimo pessoal, a taxa m\u00e9dia em 2019 foi \u00a06,24% a.m., indicando decr\u00e9scimo de 0,03 ponto percentual em rela\u00e7\u00e3o \u00e0 taxa m\u00e9dia de 2018, que era de 6,27% a.m.<\/p>\n<p>O ano iniciou com taxa m\u00e9dia de 6,28% e finalizou com 6,19% a.m., registrando varia\u00e7\u00e3o negativa de 1,43%. O banco que apresentou a maior taxa m\u00e9dia anual de empr\u00e9stimo pessoal foi o Santander, com 7,89% a.m.; a menor taxa m\u00e9dia anual foi a da Caixa Econ\u00f4mica Federal, com 4,87% a.m.; uma diferen\u00e7a de 3,02 pontos percentuais, representando varia\u00e7\u00e3o de 62,01%.<\/p>\n<p>&nbsp;<\/p>\n<p><strong>\u00a0Fonte:\u00a0<\/strong>Ag\u00eancia Brasil<\/p>\n","protected":false},"excerpt":{"rendered":"<p>As taxas m\u00e9dias de juros do cheque especial e do empr\u00e9stimo pessoal terminaram 2019 menores que as do in\u00edcio do ano, de acordo com levantamento feito pelo N\u00facleo de Intelig\u00eancia e Pesquisas da Escola de Prote\u00e7\u00e3o e Defesa do Consumidor da Funda\u00e7\u00e3o Procon de S\u00e3o Paulo. O levantamento envolveu seis institui\u00e7\u00f5es financeiras: Banco do Brasil, [&hellip;]<\/p>\n","protected":false},"author":96,"featured_media":152468,"comment_status":"closed","ping_status":"closed","sticky":false,"template":"","format":"standard","meta":{"footnotes":""},"categories":[436,440,261,439],"tags":[],"class_list":["post-152467","post","type-post","status-publish","format-standard","has-post-thumbnail","hentry","category-destaque-da-semana","category-destaques-do-dia","category-economia","category-ultima-hora"],"_links":{"self":[{"href":"https:\/\/diarioregionaldigital.com.br\/index.php?rest_route=\/wp\/v2\/posts\/152467","targetHints":{"allow":["GET"]}}],"collection":[{"href":"https:\/\/diarioregionaldigital.com.br\/index.php?rest_route=\/wp\/v2\/posts"}],"about":[{"href":"https:\/\/diarioregionaldigital.com.br\/index.php?rest_route=\/wp\/v2\/types\/post"}],"author":[{"embeddable":true,"href":"https:\/\/diarioregionaldigital.com.br\/index.php?rest_route=\/wp\/v2\/users\/96"}],"replies":[{"embeddable":true,"href":"https:\/\/diarioregionaldigital.com.br\/index.php?rest_route=%2Fwp%2Fv2%2Fcomments&post=152467"}],"version-history":[{"count":0,"href":"https:\/\/diarioregionaldigital.com.br\/index.php?rest_route=\/wp\/v2\/posts\/152467\/revisions"}],"wp:featuredmedia":[{"embeddable":true,"href":"https:\/\/diarioregionaldigital.com.br\/index.php?rest_route=\/wp\/v2\/media\/152468"}],"wp:attachment":[{"href":"https:\/\/diarioregionaldigital.com.br\/index.php?rest_route=%2Fwp%2Fv2%2Fmedia&parent=152467"}],"wp:term":[{"taxonomy":"category","embeddable":true,"href":"https:\/\/diarioregionaldigital.com.br\/index.php?rest_route=%2Fwp%2Fv2%2Fcategories&post=152467"},{"taxonomy":"post_tag","embeddable":true,"href":"https:\/\/diarioregionaldigital.com.br\/index.php?rest_route=%2Fwp%2Fv2%2Ftags&post=152467"}],"curies":[{"name":"wp","href":"https:\/\/api.w.org\/{rel}","templated":true}]}}