{"id":152464,"date":"2019-12-09T16:40:43","date_gmt":"2019-12-09T18:40:43","guid":{"rendered":"https:\/\/diarioregionaldigital.com.br\/?p=152464"},"modified":"2019-12-09T16:40:43","modified_gmt":"2019-12-09T18:40:43","slug":"prazo-para-pedidos-de-beneficios-da-lei-de-anistia-termina-na-proxima-semana","status":"publish","type":"post","link":"https:\/\/diarioregionaldigital.com.br\/?p=152464","title":{"rendered":"Prazo para pedidos de benef\u00edcios da \u201cLei de Anistia\u201d termina na pr\u00f3xima semana"},"content":{"rendered":"<p>Contribuintes que t\u00eam d\u00e9bito tribut\u00e1rio ou n\u00e3o tribut\u00e1rio inscrito na d\u00edvida ativa podem solicitar descontos de 100% na multa de mora e nos juros de mora, ou de 50% para pagamento em dez parcelas, at\u00e9 dia 20.<\/p>\n<p>Neste ano, a\u00a0\u201cLei de Anistia\u201d\u00a0prev\u00ea, ainda, redu\u00e7\u00e3o no pagamento de multas de tr\u00e2nsito, desde que estejam inscritas na d\u00edvida ativa do Munic\u00edpio. Elas poder\u00e3o ser quitadas com 80% de desconto na multa de mora e 100% nos juros de mora.<\/p>\n<p>Os interessados em requerer os descontos devem procurar o posto de atendimento montado na entrada lateral do Espa\u00e7o Cidad\u00e3o JF, entre os pr\u00e9dios da Funda\u00e7\u00e3o Cultural \u201cAlfredo Ferreira Lage\u201d (Funalfa) e da C\u00e2mara Municipal, no Parque Halfeld, munidos de documentos pessoais e do n\u00famero da inscri\u00e7\u00e3o referente ao d\u00e9bito. O atendimento \u00e9 de segunda a sexta-feira, das 8 \u00e0s 18 horas.<\/p>\n<p>&nbsp;<\/p>\n<p><strong>Fonte:<\/strong>\u00a0Assessoria<\/p>\n","protected":false},"excerpt":{"rendered":"<p>Contribuintes que t\u00eam d\u00e9bito tribut\u00e1rio ou n\u00e3o tribut\u00e1rio inscrito na d\u00edvida ativa podem solicitar descontos de 100% na multa de mora e nos juros de mora, ou de 50% para pagamento em dez parcelas, at\u00e9 dia 20. Neste ano, a\u00a0\u201cLei de Anistia\u201d\u00a0prev\u00ea, ainda, redu\u00e7\u00e3o no pagamento de multas de tr\u00e2nsito, desde que estejam inscritas na [&hellip;]<\/p>\n","protected":false},"author":96,"featured_media":152465,"comment_status":"closed","ping_status":"closed","sticky":false,"template":"","format":"standard","meta":{"footnotes":""},"categories":[253,436,439],"tags":[],"class_list":["post-152464","post","type-post","status-publish","format-standard","has-post-thumbnail","hentry","category-cidade","category-destaque-da-semana","category-ultima-hora"],"_links":{"self":[{"href":"https:\/\/diarioregionaldigital.com.br\/index.php?rest_route=\/wp\/v2\/posts\/152464","targetHints":{"allow":["GET"]}}],"collection":[{"href":"https:\/\/diarioregionaldigital.com.br\/index.php?rest_route=\/wp\/v2\/posts"}],"about":[{"href":"https:\/\/diarioregionaldigital.com.br\/index.php?rest_route=\/wp\/v2\/types\/post"}],"author":[{"embeddable":true,"href":"https:\/\/diarioregionaldigital.com.br\/index.php?rest_route=\/wp\/v2\/users\/96"}],"replies":[{"embeddable":true,"href":"https:\/\/diarioregionaldigital.com.br\/index.php?rest_route=%2Fwp%2Fv2%2Fcomments&post=152464"}],"version-history":[{"count":0,"href":"https:\/\/diarioregionaldigital.com.br\/index.php?rest_route=\/wp\/v2\/posts\/152464\/revisions"}],"wp:featuredmedia":[{"embeddable":true,"href":"https:\/\/diarioregionaldigital.com.br\/index.php?rest_route=\/wp\/v2\/media\/152465"}],"wp:attachment":[{"href":"https:\/\/diarioregionaldigital.com.br\/index.php?rest_route=%2Fwp%2Fv2%2Fmedia&parent=152464"}],"wp:term":[{"taxonomy":"category","embeddable":true,"href":"https:\/\/diarioregionaldigital.com.br\/index.php?rest_route=%2Fwp%2Fv2%2Fcategories&post=152464"},{"taxonomy":"post_tag","embeddable":true,"href":"https:\/\/diarioregionaldigital.com.br\/index.php?rest_route=%2Fwp%2Fv2%2Ftags&post=152464"}],"curies":[{"name":"wp","href":"https:\/\/api.w.org\/{rel}","templated":true}]}}