{"id":152459,"date":"2019-12-09T16:32:07","date_gmt":"2019-12-09T18:32:07","guid":{"rendered":"https:\/\/diarioregionaldigital.com.br\/?p=152459"},"modified":"2019-12-09T16:32:07","modified_gmt":"2019-12-09T18:32:07","slug":"fiscaliza-jf-realiza-visita-ao-cemiterio-municipal","status":"publish","type":"post","link":"https:\/\/diarioregionaldigital.com.br\/?p=152459","title":{"rendered":"Fiscaliza JF realiza visita ao Cemit\u00e9rio Municipal"},"content":{"rendered":"<p>Os integrantes do Fiscaliza JF estiveram no Cemit\u00e9rio Municipal de Juiz de Fora, a pedido dos vereadores da Casa. Para os parlamentares Luiz Ot\u00e1vio Fernandes Coelho (Pardal &#8211; PTC) e Kennedy Oliveira (MDB), que acompanharam a visita do Fiscaliza JF, existe grande dificuldade de acesso no trajeto das capelas mortu\u00e1rias at\u00e9 as covas rasas, que ficam nas partes superiores do cemit\u00e9rio.<\/p>\n<p>&#8220;N\u00e3o \u00e9 f\u00e1cil subir at\u00e9 aqui empurrando o carrinho. Os pr\u00f3prios profissionais t\u00eam dificuldade. A gente quer, junto com o Poder Executivo, arrumar uma solu\u00e7\u00e3o&#8221;, diz Kennedy Ribeiro, ap\u00f3s subir at\u00e9 uma das entradas do cemit\u00e9rio, pelo Instituto M\u00e9dico Legal (IML), caminho que d\u00e1 acesso \u00e0 parte alta do local. Para o vereador, o ideal seria a constru\u00e7\u00e3o de capelas mortu\u00e1rias nos terrenos que existem na entrada do IML, que est\u00e1 localizado na Rua Carolina Coelho, n\u00famero 56, no Granbery.<\/p>\n<p>No entanto, o administrador do Cemit\u00e9rio Municipal, Jo\u00e3o Wagner Antoniol, explica que n\u00e3o \u00e9 t\u00e3o simples. &#8220;O que tem aqui embaixo teria que ter l\u00e1 em cima tamb\u00e9m: banheiro, cantina, estacionamento, ilumina\u00e7\u00e3o, portaria para garantir a seguran\u00e7a das fam\u00edlias. Isso \u00e9 um custo alto para o munic\u00edpio, mas \u00e9 uma proposta excelente&#8221;, afirma o administrador. Al\u00e9m disso, seria necess\u00e1rio um n\u00famero maior de funcion\u00e1rios. Jo\u00e3o Wagner lembra que, com a \u00faltima reforma administrativa de Juiz de Fora, esse n\u00famero foi reduzido. Para ele, se o Poder P\u00fablico disponibilizasse um carro funer\u00e1rio para levar ao menos a urna at\u00e9 o local do sepultamento, j\u00e1 seria um ganho.<\/p>\n<p>De acordo com Antoniol, os usu\u00e1rios do cemit\u00e9rio podem ter acesso de carro \u00e0 entrada do IML. &#8220;A gente sempre orienta o pessoal a subir de carro. Mas, normalmente, a fam\u00edlia quer acompanhar o cortejo&#8221;. Para o Presidente da C\u00e2mara, muito embora o munic\u00edpio talvez n\u00e3o possa fazer obras neste momento, devido a dificuldades financeiras, \u00e9 preciso que a alternativa existente seja divulgada para a popula\u00e7\u00e3o. &#8220;\u00c9 fundamental que se passe isso para as pessoas, a possibilidade dessa entrada. Vai amenizar e muito [a dificuldade]&#8221;, diz Pardal.<\/p>\n<p>Como de praxe, um relat\u00f3rio da visita ser\u00e1 enviado ao Poder Executivo pelo Fiscaliza JF. &#8220;Vamos pedir n\u00e3o s\u00f3 informa\u00e7\u00f5es sobre as condi\u00e7\u00f5es f\u00edsicas, a manuten\u00e7\u00e3o, mas, tamb\u00e9m, se existe a possibilidade de novas entradas ou, ainda, a possibilidade de a Prefeitura construir um novo cemit\u00e9rio municipal para atender esta demanda, caso o local atual tenha se esgotado&#8221;, explica o coordenador do Fiscaliza JF, Vin\u00edcius de Azevedo.<\/p>\n<p>&nbsp;<\/p>\n<p><strong>Fonte:<\/strong>\u00a0Assessoria<\/p>\n","protected":false},"excerpt":{"rendered":"<p>Os integrantes do Fiscaliza JF estiveram no Cemit\u00e9rio Municipal de Juiz de Fora, a pedido dos vereadores da Casa. Para os parlamentares Luiz Ot\u00e1vio Fernandes Coelho (Pardal &#8211; PTC) e Kennedy Oliveira (MDB), que acompanharam a visita do Fiscaliza JF, existe grande dificuldade de acesso no trajeto das capelas mortu\u00e1rias at\u00e9 as covas rasas, que [&hellip;]<\/p>\n","protected":false},"author":96,"featured_media":152461,"comment_status":"closed","ping_status":"closed","sticky":false,"template":"","format":"standard","meta":{"footnotes":""},"categories":[253,436,440,439],"tags":[],"class_list":["post-152459","post","type-post","status-publish","format-standard","has-post-thumbnail","hentry","category-cidade","category-destaque-da-semana","category-destaques-do-dia","category-ultima-hora"],"_links":{"self":[{"href":"https:\/\/diarioregionaldigital.com.br\/index.php?rest_route=\/wp\/v2\/posts\/152459","targetHints":{"allow":["GET"]}}],"collection":[{"href":"https:\/\/diarioregionaldigital.com.br\/index.php?rest_route=\/wp\/v2\/posts"}],"about":[{"href":"https:\/\/diarioregionaldigital.com.br\/index.php?rest_route=\/wp\/v2\/types\/post"}],"author":[{"embeddable":true,"href":"https:\/\/diarioregionaldigital.com.br\/index.php?rest_route=\/wp\/v2\/users\/96"}],"replies":[{"embeddable":true,"href":"https:\/\/diarioregionaldigital.com.br\/index.php?rest_route=%2Fwp%2Fv2%2Fcomments&post=152459"}],"version-history":[{"count":0,"href":"https:\/\/diarioregionaldigital.com.br\/index.php?rest_route=\/wp\/v2\/posts\/152459\/revisions"}],"wp:featuredmedia":[{"embeddable":true,"href":"https:\/\/diarioregionaldigital.com.br\/index.php?rest_route=\/wp\/v2\/media\/152461"}],"wp:attachment":[{"href":"https:\/\/diarioregionaldigital.com.br\/index.php?rest_route=%2Fwp%2Fv2%2Fmedia&parent=152459"}],"wp:term":[{"taxonomy":"category","embeddable":true,"href":"https:\/\/diarioregionaldigital.com.br\/index.php?rest_route=%2Fwp%2Fv2%2Fcategories&post=152459"},{"taxonomy":"post_tag","embeddable":true,"href":"https:\/\/diarioregionaldigital.com.br\/index.php?rest_route=%2Fwp%2Fv2%2Ftags&post=152459"}],"curies":[{"name":"wp","href":"https:\/\/api.w.org\/{rel}","templated":true}]}}