{"id":152443,"date":"2019-12-08T06:00:03","date_gmt":"2019-12-08T08:00:03","guid":{"rendered":"https:\/\/diarioregionaldigital.com.br\/?p=152443"},"modified":"2019-12-07T05:32:31","modified_gmt":"2019-12-07T07:32:31","slug":"treinamento-2","status":"publish","type":"post","link":"https:\/\/diarioregionaldigital.com.br\/?p=152443","title":{"rendered":"Treinamento"},"content":{"rendered":"<p style=\"text-align: center;\"><strong>Brinquedol\u00e2ndia<\/strong><\/p>\n<p style=\"text-align: center;\">Pra quem gosta de emo\u00e7\u00f5es e brinquedos radicais, o Shopping Jardim Norte traz para estas f\u00e9rias escolares uma atra\u00e7\u00e3o incr\u00edvel: o Monster Race. Trata-se de um circuito gigante de brinquedos infl\u00e1veis, divididos em 20 m\u00f3dulos, com diferentes, atividades, no estacionamento lateral do Jardim Norte, entre o Shopping e a loja Havan. O valor da entrada \u00e9 R$30, com divers\u00e3o com total seguran\u00e7a.<\/p>\n<p style=\"text-align: center;\"><strong>Arquidiocese<\/strong><\/p>\n<p style=\"text-align: center;\">No domingo, 08, a Igreja celebra a Imaculada Concei\u00e7\u00e3o da Sant\u00edssima Virgem Maria, o dogma de f\u00e9 segundo o qual a M\u00e3e de Jesus foi preservada do pecado desde o momento de sua concep\u00e7\u00e3o, ou seja, desde o instante em que come\u00e7ou sua vida humana. Na Arquidiocese comunidades, Juiz de Fora e regi\u00e3o haver\u00e1 missa as 7h, 9h, 15h, 16h e 19h, na Par\u00f3quia de Nossa Senhora da Concei\u00e7\u00e3o, no Bairro Benfica.<\/p>\n<p style=\"text-align: center;\"><strong>Treinamento<\/strong><\/p>\n<p style=\"text-align: center;\">A FIEMG Regional da Zona da Mata realizou mais um treinamento que poder\u00e1 auxiliar no aperfei\u00e7oamento de ferramentas de gest\u00e3o que impactam diretamente na rotina das empresas. \u201cLean Manufactorin\u201d, ou Produ\u00e7\u00e3o Enxuta foi o tema abordado neste curso, que visou repassar aos participantes conhecimentos fundamentais sobre conceitos e vis\u00f5es pr\u00e1ticas do assunto atrav\u00e9s da apresenta\u00e7\u00e3o das principais ferramentas de produtividade e indicadores de resultados.<\/p>\n<p style=\"text-align: center;\"><strong>Show <\/strong><\/p>\n<p style=\"text-align: center;\">Com muita purpurina e novos Talentos, a performer Beyonc\u00e9 Ravell, promove no domingo (08), \u00e1s 20h, no Rocket pub, a 2\u00aa edi\u00e7\u00e3o do Drag Talent 2019. No palco lindas dubladoras em um grande espet\u00e1culo gay.<\/p>\n<p style=\"text-align: center;\"><strong>Dia do Samba<\/strong><\/p>\n<p style=\"text-align: center;\">Ser\u00e1 no domingo, 08 o almo\u00e7o festivo na quadra do Grizizu, \u00e0s 13h, comemorativo ao Dia Nacional do Samba, com muitas atra\u00e7\u00f5es e homenagens, em promo\u00e7\u00e3o da Liesjuf.<\/p>\n<p style=\"text-align: center;\"><strong>Vem Ver\u00e3o:<\/strong>\u00a0A\u00ed pessoal para relaxar:&#8230; afeto de sobra para distribuir&#8230; \u00f3culos da \u00d3tica Juiz de Fora&#8230; quadros de Wesley Monteiro&#8230; Flores de Toninho Aleixo&#8230; som e luz de Picol\u00e9&#8230; Reveillon Trade Hotel&#8230; A vida s\u00f3 d\u00e1 asa para quem n\u00e3o tem medo de cair.<\/p>\n<div id=\"attachment_152444\" style=\"width: 690px\" class=\"wp-caption aligncenter\"><img loading=\"lazy\" decoding=\"async\" aria-describedby=\"caption-attachment-152444\" class=\"wp-image-152444\" src=\"https:\/\/diarioregionaldigital.com.br\/wp-content\/uploads\/2019\/12\/foto-e1575703185539.jpg\" alt=\"\" width=\"680\" height=\"574\" srcset=\"https:\/\/diarioregionaldigital.com.br\/wp-content\/uploads\/2019\/12\/foto-e1575703185539.jpg 697w, https:\/\/diarioregionaldigital.com.br\/wp-content\/uploads\/2019\/12\/foto-e1575703185539-300x253.jpg 300w, https:\/\/diarioregionaldigital.com.br\/wp-content\/uploads\/2019\/12\/foto-e1575703185539-360x304.jpg 360w\" sizes=\"auto, (max-width: 680px) 100vw, 680px\" \/><p id=\"caption-attachment-152444\" class=\"wp-caption-text\">A deslumbrante Miss Brasil 2019, a juiz-forana J\u00falia Horta disputa no domingo, 08, em Los Angeles (USA), o t\u00edtulo de Miss Universo 2019<\/p><\/div>\n<div id=\"attachment_152445\" style=\"width: 690px\" class=\"wp-caption aligncenter\"><img loading=\"lazy\" decoding=\"async\" aria-describedby=\"caption-attachment-152445\" class=\"wp-image-152445\" src=\"https:\/\/diarioregionaldigital.com.br\/wp-content\/uploads\/2019\/12\/fotoa-4-e1575703241285.jpg\" alt=\"\" width=\"680\" height=\"530\" srcset=\"https:\/\/diarioregionaldigital.com.br\/wp-content\/uploads\/2019\/12\/fotoa-4-e1575703241285.jpg 1176w, https:\/\/diarioregionaldigital.com.br\/wp-content\/uploads\/2019\/12\/fotoa-4-e1575703241285-300x234.jpg 300w, https:\/\/diarioregionaldigital.com.br\/wp-content\/uploads\/2019\/12\/fotoa-4-e1575703241285-768x599.jpg 768w, https:\/\/diarioregionaldigital.com.br\/wp-content\/uploads\/2019\/12\/fotoa-4-e1575703241285-1024x798.jpg 1024w, https:\/\/diarioregionaldigital.com.br\/wp-content\/uploads\/2019\/12\/fotoa-4-e1575703241285-360x281.jpg 360w\" sizes=\"auto, (max-width: 680px) 100vw, 680px\" \/><p id=\"caption-attachment-152445\" class=\"wp-caption-text\">Em contagem regressiva para o Natal, a elegante Elizabeth Netto com o netinho Gabriel no Independ\u00eancia Shopping<\/p><\/div>\n<div id=\"attachment_152447\" style=\"width: 690px\" class=\"wp-caption aligncenter\"><img loading=\"lazy\" decoding=\"async\" aria-describedby=\"caption-attachment-152447\" class=\"wp-image-152447\" src=\"https:\/\/diarioregionaldigital.com.br\/wp-content\/uploads\/2019\/12\/fotoc-4-e1575703286245.jpg\" alt=\"\" width=\"680\" height=\"571\" srcset=\"https:\/\/diarioregionaldigital.com.br\/wp-content\/uploads\/2019\/12\/fotoc-4-e1575703286245.jpg 770w, https:\/\/diarioregionaldigital.com.br\/wp-content\/uploads\/2019\/12\/fotoc-4-e1575703286245-300x252.jpg 300w, https:\/\/diarioregionaldigital.com.br\/wp-content\/uploads\/2019\/12\/fotoc-4-e1575703286245-768x645.jpg 768w, https:\/\/diarioregionaldigital.com.br\/wp-content\/uploads\/2019\/12\/fotoc-4-e1575703286245-360x302.jpg 360w\" sizes=\"auto, (max-width: 680px) 100vw, 680px\" \/><p id=\"caption-attachment-152447\" class=\"wp-caption-text\">Lindo e feliz comemorando n\u00edver no Rio de Janeiro, o personal Andr\u00e9 Barros, em sintonia com c\u00e9u e mar<\/p><\/div>\n<div id=\"attachment_152448\" style=\"width: 690px\" class=\"wp-caption aligncenter\"><img loading=\"lazy\" decoding=\"async\" aria-describedby=\"caption-attachment-152448\" class=\"wp-image-152448\" src=\"https:\/\/diarioregionaldigital.com.br\/wp-content\/uploads\/2019\/12\/fotod-3-e1575703312707.jpg\" alt=\"\" width=\"680\" height=\"525\" srcset=\"https:\/\/diarioregionaldigital.com.br\/wp-content\/uploads\/2019\/12\/fotod-3-e1575703312707.jpg 1010w, https:\/\/diarioregionaldigital.com.br\/wp-content\/uploads\/2019\/12\/fotod-3-e1575703312707-300x232.jpg 300w, https:\/\/diarioregionaldigital.com.br\/wp-content\/uploads\/2019\/12\/fotod-3-e1575703312707-768x593.jpg 768w, https:\/\/diarioregionaldigital.com.br\/wp-content\/uploads\/2019\/12\/fotod-3-e1575703312707-360x278.jpg 360w\" sizes=\"auto, (max-width: 680px) 100vw, 680px\" \/><p id=\"caption-attachment-152448\" class=\"wp-caption-text\">Em noite de drinques no Vivendas da Serra, Soniheli Paschoalino, Carlos Guedes e Rebeca Felini<\/p><\/div>\n<div id=\"attachment_152449\" style=\"width: 690px\" class=\"wp-caption aligncenter\"><img loading=\"lazy\" decoding=\"async\" aria-describedby=\"caption-attachment-152449\" class=\"wp-image-152449\" src=\"https:\/\/diarioregionaldigital.com.br\/wp-content\/uploads\/2019\/12\/fotoe-3-e1575703339921.jpg\" alt=\"\" width=\"680\" height=\"509\" srcset=\"https:\/\/diarioregionaldigital.com.br\/wp-content\/uploads\/2019\/12\/fotoe-3-e1575703339921.jpg 1168w, https:\/\/diarioregionaldigital.com.br\/wp-content\/uploads\/2019\/12\/fotoe-3-e1575703339921-300x224.jpg 300w, https:\/\/diarioregionaldigital.com.br\/wp-content\/uploads\/2019\/12\/fotoe-3-e1575703339921-768x575.jpg 768w, https:\/\/diarioregionaldigital.com.br\/wp-content\/uploads\/2019\/12\/fotoe-3-e1575703339921-1024x766.jpg 1024w, https:\/\/diarioregionaldigital.com.br\/wp-content\/uploads\/2019\/12\/fotoe-3-e1575703339921-360x269.jpg 360w\" sizes=\"auto, (max-width: 680px) 100vw, 680px\" \/><p id=\"caption-attachment-152449\" class=\"wp-caption-text\">Lindo casal em noite de festa: Josiane Brito e Bruno Oliveira<\/p><\/div>\n<div id=\"attachment_152450\" style=\"width: 690px\" class=\"wp-caption aligncenter\"><img loading=\"lazy\" decoding=\"async\" aria-describedby=\"caption-attachment-152450\" class=\"wp-image-152450\" src=\"https:\/\/diarioregionaldigital.com.br\/wp-content\/uploads\/2019\/12\/fotof-4-e1575703365500.jpg\" alt=\"\" width=\"680\" height=\"639\" srcset=\"https:\/\/diarioregionaldigital.com.br\/wp-content\/uploads\/2019\/12\/fotof-4-e1575703365500.jpg 906w, https:\/\/diarioregionaldigital.com.br\/wp-content\/uploads\/2019\/12\/fotof-4-e1575703365500-300x282.jpg 300w, https:\/\/diarioregionaldigital.com.br\/wp-content\/uploads\/2019\/12\/fotof-4-e1575703365500-768x721.jpg 768w, https:\/\/diarioregionaldigital.com.br\/wp-content\/uploads\/2019\/12\/fotof-4-e1575703365500-360x338.jpg 360w\" sizes=\"auto, (max-width: 680px) 100vw, 680px\" \/><p id=\"caption-attachment-152450\" class=\"wp-caption-text\">Na Feijoada do Bar Futrica, os flamenguistas Toninho Cunha e Sidney Vieira<\/p><\/div>\n<div id=\"attachment_152451\" style=\"width: 690px\" class=\"wp-caption aligncenter\"><img loading=\"lazy\" decoding=\"async\" aria-describedby=\"caption-attachment-152451\" class=\"wp-image-152451\" src=\"https:\/\/diarioregionaldigital.com.br\/wp-content\/uploads\/2019\/12\/fotog-4-e1575703398521.jpg\" alt=\"\" width=\"680\" height=\"580\" srcset=\"https:\/\/diarioregionaldigital.com.br\/wp-content\/uploads\/2019\/12\/fotog-4-e1575703398521.jpg 1161w, https:\/\/diarioregionaldigital.com.br\/wp-content\/uploads\/2019\/12\/fotog-4-e1575703398521-300x256.jpg 300w, https:\/\/diarioregionaldigital.com.br\/wp-content\/uploads\/2019\/12\/fotog-4-e1575703398521-768x655.jpg 768w, https:\/\/diarioregionaldigital.com.br\/wp-content\/uploads\/2019\/12\/fotog-4-e1575703398521-1024x873.jpg 1024w, https:\/\/diarioregionaldigital.com.br\/wp-content\/uploads\/2019\/12\/fotog-4-e1575703398521-360x307.jpg 360w\" sizes=\"auto, (max-width: 680px) 100vw, 680px\" \/><p id=\"caption-attachment-152451\" class=\"wp-caption-text\">Mulheres Chiques no C\u00edrculo Militar, Ivete Gomes e Leandra Guerra<\/p><\/div>\n<div id=\"attachment_152453\" style=\"width: 690px\" class=\"wp-caption aligncenter\"><img loading=\"lazy\" decoding=\"async\" aria-describedby=\"caption-attachment-152453\" class=\"wp-image-152453\" src=\"https:\/\/diarioregionaldigital.com.br\/wp-content\/uploads\/2019\/12\/fotoi-3.jpg\" alt=\"\" width=\"680\" height=\"453\" srcset=\"https:\/\/diarioregionaldigital.com.br\/wp-content\/uploads\/2019\/12\/fotoi-3.jpg 1776w, https:\/\/diarioregionaldigital.com.br\/wp-content\/uploads\/2019\/12\/fotoi-3-300x200.jpg 300w, https:\/\/diarioregionaldigital.com.br\/wp-content\/uploads\/2019\/12\/fotoi-3-768x511.jpg 768w, https:\/\/diarioregionaldigital.com.br\/wp-content\/uploads\/2019\/12\/fotoi-3-1024x682.jpg 1024w, https:\/\/diarioregionaldigital.com.br\/wp-content\/uploads\/2019\/12\/fotoi-3-360x240.jpg 360w\" sizes=\"auto, (max-width: 680px) 100vw, 680px\" \/><p id=\"caption-attachment-152453\" class=\"wp-caption-text\">Na Costelaria do Z\u00e9 do Trade Hotel, Myrliane Le\u00e3o, Eduardo Gomes e Alex Martins<\/p><\/div>\n<div id=\"attachment_152454\" style=\"width: 690px\" class=\"wp-caption aligncenter\"><img loading=\"lazy\" decoding=\"async\" aria-describedby=\"caption-attachment-152454\" class=\"wp-image-152454\" src=\"https:\/\/diarioregionaldigital.com.br\/wp-content\/uploads\/2019\/12\/fotoj-2-e1575703568432.jpg\" alt=\"\" width=\"680\" height=\"598\" srcset=\"https:\/\/diarioregionaldigital.com.br\/wp-content\/uploads\/2019\/12\/fotoj-2-e1575703568432.jpg 1168w, https:\/\/diarioregionaldigital.com.br\/wp-content\/uploads\/2019\/12\/fotoj-2-e1575703568432-300x264.jpg 300w, https:\/\/diarioregionaldigital.com.br\/wp-content\/uploads\/2019\/12\/fotoj-2-e1575703568432-768x675.jpg 768w, https:\/\/diarioregionaldigital.com.br\/wp-content\/uploads\/2019\/12\/fotoj-2-e1575703568432-1024x900.jpg 1024w, https:\/\/diarioregionaldigital.com.br\/wp-content\/uploads\/2019\/12\/fotoj-2-e1575703568432-360x317.jpg 360w\" sizes=\"auto, (max-width: 680px) 100vw, 680px\" \/><p id=\"caption-attachment-152454\" class=\"wp-caption-text\">Leandro Martins premiado com o Melhor Traje de Gala no evento Mister Gay Zona Leste, no RJ<\/p><\/div>\n<div id=\"attachment_152452\" style=\"width: 690px\" class=\"wp-caption aligncenter\"><img loading=\"lazy\" decoding=\"async\" aria-describedby=\"caption-attachment-152452\" class=\"wp-image-152452\" src=\"https:\/\/diarioregionaldigital.com.br\/wp-content\/uploads\/2019\/12\/fotoh-4-e1575703481939.jpg\" alt=\"\" width=\"680\" height=\"514\" srcset=\"https:\/\/diarioregionaldigital.com.br\/wp-content\/uploads\/2019\/12\/fotoh-4-e1575703481939.jpg 1175w, https:\/\/diarioregionaldigital.com.br\/wp-content\/uploads\/2019\/12\/fotoh-4-e1575703481939-300x227.jpg 300w, https:\/\/diarioregionaldigital.com.br\/wp-content\/uploads\/2019\/12\/fotoh-4-e1575703481939-768x580.jpg 768w, https:\/\/diarioregionaldigital.com.br\/wp-content\/uploads\/2019\/12\/fotoh-4-e1575703481939-1024x774.jpg 1024w, https:\/\/diarioregionaldigital.com.br\/wp-content\/uploads\/2019\/12\/fotoh-4-e1575703481939-360x272.jpg 360w\" sizes=\"auto, (max-width: 680px) 100vw, 680px\" \/><p id=\"caption-attachment-152452\" class=\"wp-caption-text\">No Caf\u00e9 da Mata, as locomotivas: Patr\u00edcia Touma, Ana Paula Ribeiro e Larissa Lessa<\/p><\/div>\n<p style=\"text-align: center;\">FOTOSS\u00cdNTESE<\/p>\n<p>Hoje em Los Angeles acontece o Miss Universo 2019. Nossa torcida para Julia Horta nossa Miss Brasil.<\/p>\n<p>Sueli e a filha Lidiane Stambassi est\u00e3o com lindas roupas participando hoje, 08, do Guest Fashion Natal com a loja Stambassi, de 11h \u00e0s 19h, no Victory Business Hotel e Eventos.<\/p>\n<p>Recebemos e agradecemos as palavras elogiosas pelo trabalho deste colunista no Di\u00e1rio Regional e mensagem de boas festas do Vereador Sargento Mello Casal.<\/p>\n<p>Antenado e convicto de seu talento, o estilista Rodolfo Sim\u00f5es foi eleito um dos 20 mais estilosos do ano de 2019 pelo blog itcloset de S\u00e3o Paulo.<\/p>\n<p>Em meio a rumores PJF descarta ado\u00e7\u00e3o de outorga onerosa. Instrumento \u00e9 previsto como possibilidade no Plano Diretor Participativo.<\/p>\n<p>Um leitor gaioto desta coluna sugeriu fazer churrasco de carne mo\u00edda para as festas de final de ano. Est\u00e1 dado o recado.<\/p>\n<p>J\u00e1 est\u00e3o abertas as inscri\u00e7\u00f5es para crian\u00e7as de zero a tr\u00eas anos e 11 meses para creches municipais conveniadas \u00e0 Prefeitura de Juiz de Fora.<\/p>\n<p>Com bom p\u00fablico, B\u00e1rbara Sim\u00f5es Daibert lan\u00e7ou o romance \u201cFirmina\u201d- primeira romancista brasileira. Foi na Arteria.<\/p>\n<p>Dona cegonha aprontou de novo. Colocou na chamin\u00e9 de Raquel e Lucas Lovisi Proc\u00f3pio de Souza, a linda estrelinha Beatriz. Em festa e Gilberto Proc\u00f3pio de Souza.<\/p>\n<p>J\u00e1 est\u00e3o abertas as inscri\u00e7\u00f5es para o Ibitipoca Off Road 2020 que ser\u00e1 disputado entre os dias 1\u00ba e 2 de agosto.<\/p>\n<p>Para viralizar: Depois da maternidade, mulheres apostam em empreendimentos pr\u00f3prios e se re\u00fanem em coletivos multi marcas e feiras para impulsionar sua liberdade. Viva! Bom dia.<\/p>\n<p><img loading=\"lazy\" decoding=\"async\" class=\"aligncenter size-full wp-image-152455\" src=\"https:\/\/diarioregionaldigital.com.br\/wp-content\/uploads\/2019\/12\/anuncio77.jpg\" alt=\"\" width=\"3482\" height=\"1310\" srcset=\"https:\/\/diarioregionaldigital.com.br\/wp-content\/uploads\/2019\/12\/anuncio77.jpg 3482w, https:\/\/diarioregionaldigital.com.br\/wp-content\/uploads\/2019\/12\/anuncio77-300x113.jpg 300w, https:\/\/diarioregionaldigital.com.br\/wp-content\/uploads\/2019\/12\/anuncio77-768x289.jpg 768w, https:\/\/diarioregionaldigital.com.br\/wp-content\/uploads\/2019\/12\/anuncio77-1024x385.jpg 1024w, https:\/\/diarioregionaldigital.com.br\/wp-content\/uploads\/2019\/12\/anuncio77-360x135.jpg 360w\" sizes=\"auto, (max-width: 3482px) 100vw, 3482px\" \/><\/p>\n","protected":false},"excerpt":{"rendered":"<p>Brinquedol\u00e2ndia Pra quem gosta de emo\u00e7\u00f5es e brinquedos radicais, o Shopping Jardim Norte traz para estas f\u00e9rias escolares uma atra\u00e7\u00e3o incr\u00edvel: o Monster Race. Trata-se de um circuito gigante de brinquedos infl\u00e1veis, divididos em 20 m\u00f3dulos, com diferentes, atividades, no estacionamento lateral do Jardim Norte, entre o Shopping e a loja Havan. O valor da [&hellip;]<\/p>\n","protected":false},"author":96,"featured_media":152444,"comment_status":"closed","ping_status":"closed","sticky":false,"template":"","format":"standard","meta":{"footnotes":""},"categories":[264],"tags":[],"class_list":["post-152443","post","type-post","status-publish","format-standard","has-post-thumbnail","hentry","category-eduardo-gomes"],"_links":{"self":[{"href":"https:\/\/diarioregionaldigital.com.br\/index.php?rest_route=\/wp\/v2\/posts\/152443","targetHints":{"allow":["GET"]}}],"collection":[{"href":"https:\/\/diarioregionaldigital.com.br\/index.php?rest_route=\/wp\/v2\/posts"}],"about":[{"href":"https:\/\/diarioregionaldigital.com.br\/index.php?rest_route=\/wp\/v2\/types\/post"}],"author":[{"embeddable":true,"href":"https:\/\/diarioregionaldigital.com.br\/index.php?rest_route=\/wp\/v2\/users\/96"}],"replies":[{"embeddable":true,"href":"https:\/\/diarioregionaldigital.com.br\/index.php?rest_route=%2Fwp%2Fv2%2Fcomments&post=152443"}],"version-history":[{"count":0,"href":"https:\/\/diarioregionaldigital.com.br\/index.php?rest_route=\/wp\/v2\/posts\/152443\/revisions"}],"wp:featuredmedia":[{"embeddable":true,"href":"https:\/\/diarioregionaldigital.com.br\/index.php?rest_route=\/wp\/v2\/media\/152444"}],"wp:attachment":[{"href":"https:\/\/diarioregionaldigital.com.br\/index.php?rest_route=%2Fwp%2Fv2%2Fmedia&parent=152443"}],"wp:term":[{"taxonomy":"category","embeddable":true,"href":"https:\/\/diarioregionaldigital.com.br\/index.php?rest_route=%2Fwp%2Fv2%2Fcategories&post=152443"},{"taxonomy":"post_tag","embeddable":true,"href":"https:\/\/diarioregionaldigital.com.br\/index.php?rest_route=%2Fwp%2Fv2%2Ftags&post=152443"}],"curies":[{"name":"wp","href":"https:\/\/api.w.org\/{rel}","templated":true}]}}