{"id":152438,"date":"2019-12-08T06:00:27","date_gmt":"2019-12-08T08:00:27","guid":{"rendered":"https:\/\/diarioregionaldigital.com.br\/?p=152438"},"modified":"2019-12-07T04:27:46","modified_gmt":"2019-12-07T06:27:46","slug":"prefeitura-municipal-de-tocantins-licitacao-no124-08-12-19","status":"publish","type":"post","link":"https:\/\/diarioregionaldigital.com.br\/?p=152438","title":{"rendered":"Prefeitura Municipal de Tocantins &#8211; Licita\u00e7\u00e3o n\u00ba124 &#8211; 08\/12\/19"},"content":{"rendered":"<p style=\"text-align: center;\"><strong>PREFEITURA MUNICIPAL DE TOCANTINS\/MG<\/strong><\/p>\n<p style=\"text-align: center;\"><strong>AVISO DE LICITA\u00c7\u00c3O<\/strong><\/p>\n<p style=\"text-align: center;\"><strong>Licita\u00e7\u00e3o n\u00b0 124\/2019<\/strong><\/p>\n<p style=\"text-align: center;\"><strong>Modalidade de Preg\u00e3o Presencial n\u00b0 1042019<\/strong><\/p>\n<p style=\"text-align: center;\">O Munic\u00edpio de TOCANTINS\/MG, na forma da lei, faz saber a todos os interessados que far\u00e1 licita\u00e7\u00e3o na modalidade de\u00a0<strong>PREG\u00c3O PRESENCIAL,<\/strong>\u00a0MENOR PRE\u00c7O POR ITEM sendo\u00a0objeto principal \u00a0O FORNECIMENTO DE G\u00caNEROS ALIMENT\u00cdCIOS EM FORMA DE MARMITEX para os trabalhadores deslocados que dificultem ou impe\u00e7am a locomo\u00e7\u00e3o para suas respectivas residencias, atendo solicita\u00e7\u00e3o das Secretarias do Munic\u00edpio de Tocantins\/MG sendo este\u00a0no dia\u00a0<strong>19\/12\/2019 \u00e0s 15:30 horas<\/strong>\u00a0na sala da comiss\u00e3o de licita\u00e7\u00e3o, localizada na Av. Padre Mac\u00e1rio, n\u00b0 129, bairro Centro, munic\u00edpio de TOCANTINS\/MG. O edital completo encontra-se a disposi\u00e7\u00e3o dos interessados no endere\u00e7o citado anteriormente, no hor\u00e1rio de expediente de 08:00 as 11:00 horas e 13:00 as 16:00 horas. TOCANTINS\/MG, 06 de DEZEMBRO de 2019.<\/p>\n<p style=\"text-align: center;\">________________________________________<\/p>\n<p style=\"text-align: center;\"><strong>LUIZ FERNANDO BARBOSA DA SILVA<\/strong><\/p>\n<p style=\"text-align: center;\"><strong>PREGOEIRO<\/strong><\/p>\n","protected":false},"excerpt":{"rendered":"<p>PREFEITURA MUNICIPAL DE TOCANTINS\/MG AVISO DE LICITA\u00c7\u00c3O Licita\u00e7\u00e3o n\u00b0 124\/2019 Modalidade de Preg\u00e3o Presencial n\u00b0 1042019 O Munic\u00edpio de TOCANTINS\/MG, na forma da lei, faz saber a todos os interessados que far\u00e1 licita\u00e7\u00e3o na modalidade de\u00a0PREG\u00c3O PRESENCIAL,\u00a0MENOR PRE\u00c7O POR ITEM sendo\u00a0objeto principal \u00a0O FORNECIMENTO DE G\u00caNEROS ALIMENT\u00cdCIOS EM FORMA DE MARMITEX para os trabalhadores deslocados [&hellip;]<\/p>\n","protected":false},"author":96,"featured_media":0,"comment_status":"closed","ping_status":"closed","sticky":false,"template":"","format":"standard","meta":{"footnotes":""},"categories":[307],"tags":[],"class_list":["post-152438","post","type-post","status-publish","format-standard","hentry","category-editais"],"_links":{"self":[{"href":"https:\/\/diarioregionaldigital.com.br\/index.php?rest_route=\/wp\/v2\/posts\/152438","targetHints":{"allow":["GET"]}}],"collection":[{"href":"https:\/\/diarioregionaldigital.com.br\/index.php?rest_route=\/wp\/v2\/posts"}],"about":[{"href":"https:\/\/diarioregionaldigital.com.br\/index.php?rest_route=\/wp\/v2\/types\/post"}],"author":[{"embeddable":true,"href":"https:\/\/diarioregionaldigital.com.br\/index.php?rest_route=\/wp\/v2\/users\/96"}],"replies":[{"embeddable":true,"href":"https:\/\/diarioregionaldigital.com.br\/index.php?rest_route=%2Fwp%2Fv2%2Fcomments&post=152438"}],"version-history":[{"count":0,"href":"https:\/\/diarioregionaldigital.com.br\/index.php?rest_route=\/wp\/v2\/posts\/152438\/revisions"}],"wp:attachment":[{"href":"https:\/\/diarioregionaldigital.com.br\/index.php?rest_route=%2Fwp%2Fv2%2Fmedia&parent=152438"}],"wp:term":[{"taxonomy":"category","embeddable":true,"href":"https:\/\/diarioregionaldigital.com.br\/index.php?rest_route=%2Fwp%2Fv2%2Fcategories&post=152438"},{"taxonomy":"post_tag","embeddable":true,"href":"https:\/\/diarioregionaldigital.com.br\/index.php?rest_route=%2Fwp%2Fv2%2Ftags&post=152438"}],"curies":[{"name":"wp","href":"https:\/\/api.w.org\/{rel}","templated":true}]}}