{"id":152430,"date":"2019-12-08T06:00:06","date_gmt":"2019-12-08T08:00:06","guid":{"rendered":"https:\/\/diarioregionaldigital.com.br\/?p=152430"},"modified":"2019-12-07T03:54:34","modified_gmt":"2019-12-07T05:54:34","slug":"prefeitura-municipal-de-descoberto-licitacao-no001-08-12-19","status":"publish","type":"post","link":"https:\/\/diarioregionaldigital.com.br\/?p=152430","title":{"rendered":"Prefeitura Municipal de Descoberto &#8211; Licita\u00e7\u00e3o n\u00ba001 &#8211; 08\/12\/19"},"content":{"rendered":"<p style=\"text-align: center;\"><strong>PREFEITURA MUNICIPAL DE DESCOBERTO<\/strong><\/p>\n<p style=\"text-align: center;\"><strong>CONCURSO P\u00daBLICO &#8211; N\u00ba 001\/2019\u00a0 E PROCESSO SELETIVO<\/strong><\/p>\n<p style=\"text-align: center;\"><strong>EXTRATO DA 2\u00aa RETIFICA\u00c7\u00c3O &#8211; EDITAL N\u00ba 001\/2019 e 1\u00aa DO PROCESSO SELETIVO<\/strong><\/p>\n<p style=\"text-align: center;\">A Prefeitura Municipal de Descoberto e o INSTITUTO IBDO PROJETOS divulgam a 2\u00aa Retifica\u00e7\u00e3o ao Edital n\u00ba 01\/2019, CONCURSO e a 1\u00aa do PROCESSO SELETIVO. \u00a0A presente retifica\u00e7\u00e3o promove mudan\u00e7as na tabela de vagas e outros. O Edital na \u00edntegra poder\u00e1 ser consultado no site www.ibdoprojetos.org.br<\/p>\n<p style=\"text-align: center;\">Descoberto, em 05 de dezembro de 2019.<\/p>\n<p style=\"text-align: center;\"><strong>Marcos de Ara\u00fajo Lima &#8211; Prefeito do Munic\u00edpio de Descoberto<\/strong><\/p>\n","protected":false},"excerpt":{"rendered":"<p>PREFEITURA MUNICIPAL DE DESCOBERTO CONCURSO P\u00daBLICO &#8211; N\u00ba 001\/2019\u00a0 E PROCESSO SELETIVO EXTRATO DA 2\u00aa RETIFICA\u00c7\u00c3O &#8211; EDITAL N\u00ba 001\/2019 e 1\u00aa DO PROCESSO SELETIVO A Prefeitura Municipal de Descoberto e o INSTITUTO IBDO PROJETOS divulgam a 2\u00aa Retifica\u00e7\u00e3o ao Edital n\u00ba 01\/2019, CONCURSO e a 1\u00aa do PROCESSO SELETIVO. \u00a0A presente retifica\u00e7\u00e3o promove mudan\u00e7as [&hellip;]<\/p>\n","protected":false},"author":96,"featured_media":0,"comment_status":"closed","ping_status":"closed","sticky":false,"template":"","format":"standard","meta":{"footnotes":""},"categories":[307],"tags":[],"class_list":["post-152430","post","type-post","status-publish","format-standard","hentry","category-editais"],"_links":{"self":[{"href":"https:\/\/diarioregionaldigital.com.br\/index.php?rest_route=\/wp\/v2\/posts\/152430","targetHints":{"allow":["GET"]}}],"collection":[{"href":"https:\/\/diarioregionaldigital.com.br\/index.php?rest_route=\/wp\/v2\/posts"}],"about":[{"href":"https:\/\/diarioregionaldigital.com.br\/index.php?rest_route=\/wp\/v2\/types\/post"}],"author":[{"embeddable":true,"href":"https:\/\/diarioregionaldigital.com.br\/index.php?rest_route=\/wp\/v2\/users\/96"}],"replies":[{"embeddable":true,"href":"https:\/\/diarioregionaldigital.com.br\/index.php?rest_route=%2Fwp%2Fv2%2Fcomments&post=152430"}],"version-history":[{"count":0,"href":"https:\/\/diarioregionaldigital.com.br\/index.php?rest_route=\/wp\/v2\/posts\/152430\/revisions"}],"wp:attachment":[{"href":"https:\/\/diarioregionaldigital.com.br\/index.php?rest_route=%2Fwp%2Fv2%2Fmedia&parent=152430"}],"wp:term":[{"taxonomy":"category","embeddable":true,"href":"https:\/\/diarioregionaldigital.com.br\/index.php?rest_route=%2Fwp%2Fv2%2Fcategories&post=152430"},{"taxonomy":"post_tag","embeddable":true,"href":"https:\/\/diarioregionaldigital.com.br\/index.php?rest_route=%2Fwp%2Fv2%2Ftags&post=152430"}],"curies":[{"name":"wp","href":"https:\/\/api.w.org\/{rel}","templated":true}]}}