{"id":152423,"date":"2019-12-06T19:04:12","date_gmt":"2019-12-06T21:04:12","guid":{"rendered":"https:\/\/diarioregionaldigital.com.br\/?p=152423"},"modified":"2019-12-06T19:06:27","modified_gmt":"2019-12-06T21:06:27","slug":"homem-de-58-anos-e-morto-a-tiros","status":"publish","type":"post","link":"https:\/\/diarioregionaldigital.com.br\/?p=152423","title":{"rendered":"Homem de 58 anos \u00e9 morto a tiros"},"content":{"rendered":"<p>A Pol\u00edcia Rodovi\u00e1ria Federal (PRF), foi acionada para registrar uma ocorr\u00eancia de homic\u00eddio de um homem de 58 anos, v\u00edtima de um disparo de arma de fogo. O crime ocorreu no Km 773 da BR040. O homem foi encontrado ocupando a posi\u00e7\u00e3o do motorista e veio a \u00f3bito no local. Segundo estimativas da Per\u00edcia Policial Judici\u00e1ria, o homic\u00eddio deve ter ocorrido na noite dessa quinta-feira (5).<\/p>\n<p>De acordo com informa\u00e7\u00f5es da PRF, a v\u00edtima foi atingida pelo disparo na regi\u00e3o temporal direita, localizada na altura da cabe\u00e7a.<\/p>\n","protected":false},"excerpt":{"rendered":"<p>A Pol\u00edcia Rodovi\u00e1ria Federal (PRF), foi acionada para registrar uma ocorr\u00eancia de homic\u00eddio de um homem de 58 anos, v\u00edtima de um disparo de arma de fogo. O crime ocorreu no Km 773 da BR040. O homem foi encontrado ocupando a posi\u00e7\u00e3o do motorista e veio a \u00f3bito no local. Segundo estimativas da Per\u00edcia Policial [&hellip;]<\/p>\n","protected":false},"author":96,"featured_media":152424,"comment_status":"closed","ping_status":"closed","sticky":false,"template":"","format":"standard","meta":{"footnotes":""},"categories":[253,436,440,439],"tags":[],"class_list":["post-152423","post","type-post","status-publish","format-standard","has-post-thumbnail","hentry","category-cidade","category-destaque-da-semana","category-destaques-do-dia","category-ultima-hora"],"_links":{"self":[{"href":"https:\/\/diarioregionaldigital.com.br\/index.php?rest_route=\/wp\/v2\/posts\/152423","targetHints":{"allow":["GET"]}}],"collection":[{"href":"https:\/\/diarioregionaldigital.com.br\/index.php?rest_route=\/wp\/v2\/posts"}],"about":[{"href":"https:\/\/diarioregionaldigital.com.br\/index.php?rest_route=\/wp\/v2\/types\/post"}],"author":[{"embeddable":true,"href":"https:\/\/diarioregionaldigital.com.br\/index.php?rest_route=\/wp\/v2\/users\/96"}],"replies":[{"embeddable":true,"href":"https:\/\/diarioregionaldigital.com.br\/index.php?rest_route=%2Fwp%2Fv2%2Fcomments&post=152423"}],"version-history":[{"count":0,"href":"https:\/\/diarioregionaldigital.com.br\/index.php?rest_route=\/wp\/v2\/posts\/152423\/revisions"}],"wp:featuredmedia":[{"embeddable":true,"href":"https:\/\/diarioregionaldigital.com.br\/index.php?rest_route=\/wp\/v2\/media\/152424"}],"wp:attachment":[{"href":"https:\/\/diarioregionaldigital.com.br\/index.php?rest_route=%2Fwp%2Fv2%2Fmedia&parent=152423"}],"wp:term":[{"taxonomy":"category","embeddable":true,"href":"https:\/\/diarioregionaldigital.com.br\/index.php?rest_route=%2Fwp%2Fv2%2Fcategories&post=152423"},{"taxonomy":"post_tag","embeddable":true,"href":"https:\/\/diarioregionaldigital.com.br\/index.php?rest_route=%2Fwp%2Fv2%2Ftags&post=152423"}],"curies":[{"name":"wp","href":"https:\/\/api.w.org\/{rel}","templated":true}]}}