{"id":152385,"date":"2019-12-06T09:30:37","date_gmt":"2019-12-06T11:30:37","guid":{"rendered":"https:\/\/diarioregionaldigital.com.br\/?p=152385"},"modified":"2019-12-05T21:25:38","modified_gmt":"2019-12-05T23:25:38","slug":"faturamento-do-setor-eletroeletronico-fica-estavel-com-r-154-bilhoes","status":"publish","type":"post","link":"https:\/\/diarioregionaldigital.com.br\/?p=152385","title":{"rendered":"Faturamento do setor eletroeletr\u00f4nico fica est\u00e1vel com R$ 154 bilh\u00f5es"},"content":{"rendered":"<p>O faturamento da ind\u00fastria eletroeletr\u00f4nica deve encerrar 2019 em R$ 154 bilh\u00f5es. Segundo a Associa\u00e7\u00e3o Brasileira da Ind\u00fastria El\u00e9trica e Eletr\u00f4nica (Abinee), apesar do crescimento nominal de 5% na compara\u00e7\u00e3o com 2018 (R$ 146,1 bilh\u00f5es), n\u00e3o houve aumento real, uma vez que a infla\u00e7\u00e3o do setor, segundo o \u00cdndice de Pre\u00e7os ao Produtor (IPP), tamb\u00e9m fechou o ano em 5%. A associa\u00e7\u00e3o divulgou nessa quinta-feira (5), em S\u00e3o Paulo, os indicadores anuais.<\/p>\n<p>A produ\u00e7\u00e3o industrial de bens eletroeletr\u00f4nicos tamb\u00e9m apresentou estabilidade em 2019 em rela\u00e7\u00e3o a 2018. J\u00e1 a utiliza\u00e7\u00e3o da capacidade instalada subiu de 74% para 75%.<\/p>\n<p>A estabilidade no faturamento e na produ\u00e7\u00e3o do setor ocorre ap\u00f3s dois anos consecutivos de resultados positivos.<\/p>\n<p>\u201cEste ano, o setor andou de lado e n\u00e3o conseguimos apresentar crescimento\u201d, disse o presidente executivo da Abinee, Humberto Barbato.<\/p>\n<p>Ressaltou que a atividade produtiva ficou aqu\u00e9m das expectativas em fun\u00e7\u00e3o, principalmente, da demora na aprova\u00e7\u00e3o das reformas, que s\u00f3 tiveram encaminhamento positivo no segundo semestre.<\/p>\n<p>&nbsp;<\/p>\n<p><strong><span style=\"font-size: 14pt;\">Balan\u00e7a comercial<\/span><\/strong><\/p>\n<p>As exporta\u00e7\u00f5es deste segmento tiveram retra\u00e7\u00e3o de 5% em 2019, passando de US$ 5,9 bilh\u00f5es para US$ 5,6 bilh\u00f5es. J\u00e1 as importa\u00e7\u00f5es subiram 1% de US$ 31,8 bilh\u00f5es em 2018 para US$ 31,9 bilh\u00f5es este ano.<\/p>\n<p>Com isso, o d\u00e9ficit da balan\u00e7a comercial deve atingir US$ 26,4 bilh\u00f5es, total 2% superior ao apresentado em 2018 (US$ 25,9 bilh\u00f5es).<\/p>\n<p>&nbsp;<\/p>\n<p><strong><span style=\"font-size: 14pt;\">D\u00f3lar<\/span><\/strong><\/p>\n<p>Segundo Barbato, a alta do d\u00f3lar n\u00e3o chegou a refletir as exporta\u00e7\u00f5es. &#8220;N\u00f3s n\u00e3o tivemos um crescimento das exporta\u00e7\u00f5es, o que seria natural acontecer a partir da desvaloriza\u00e7\u00e3o do real. O que aconteceu \u00e9 que, como temos uma depend\u00eancia de insumos importados bastante consider\u00e1vel, evidentemente isso acabou sendo repassado aos pre\u00e7os dos produtos, tanto \u00e9 que a infla\u00e7\u00e3o do setor foi de 5%, por isso que esse ano n\u00f3s andamos de lado&#8221;, analisou.<\/p>\n<p>&nbsp;<\/p>\n<p><strong><span style=\"font-size: 14pt;\">Lei da Inform\u00e1tica<\/span><\/strong><\/p>\n<p>A atualiza\u00e7\u00e3o da Lei da Inform\u00e1tica, com a aprova\u00e7\u00e3o das novas regras da pol\u00edtica industrial ao setor de Tecnologia da Informa\u00e7\u00e3o e Comunica\u00e7\u00e3o (TIC), pela C\u00e2mara dos Deputados em novembro, \u00e9 aguardada pela Abinne. Segundo a entidade, a aprova\u00e7\u00e3o traz seguran\u00e7a jur\u00eddica \u00e0s empresas.<\/p>\n<p>&#8220;Esperamos que [o tema] possa ser resolvido semana que vem, assim a gente espera que se possa come\u00e7ar o ano de 2020 j\u00e1 sob a \u00f3tica de uma nova legisla\u00e7\u00e3o que vai, evidentemente, destravar alguns investimentos&#8221;, afirmou Barbato.<\/p>\n<p>&nbsp;<\/p>\n<p><strong><span style=\"font-size: 14pt;\">Perspectivas<\/span><\/strong><\/p>\n<p>Para 2020, os empres\u00e1rios do setor t\u00eam expectativas favor\u00e1veis. A mais recente sondagem realizada com os associados da Abinee indicou que 76% das empresas projetam crescimento nas vendas\/encomendas no pr\u00f3ximo ano; 21%, estabilidade e apenas 3%, queda.<\/p>\n<p>Tamb\u00e9m o \u00faltimo \u00cdndice de Confian\u00e7a do Setor Eletroeletr\u00f4nico (ICEI), divulgado pela Abinee, em novembro, atingiu 61 pontos. Acima de 50 pontos, o ICEI indica confian\u00e7a do empres\u00e1rio. \u201cEstamos encerrando 2019 com um \u00cdndice de Confian\u00e7a positivo, por\u00e9m, menor do que o do ano passado\u201d, disse Barbato<\/p>\n<p>Considerando a proje\u00e7\u00e3o de crescimento do Produto Interno Bruto (PIB) de 2,2% e infla\u00e7\u00e3o em torno de 3,6% ao ano em 2020, o setor eletroeletr\u00f4nico espera um crescimento nominal de 8% e real (descontada a infla\u00e7\u00e3o) de 4% no faturamento, que deve alcan\u00e7ar R$ 166 bilh\u00f5es.<\/p>\n<p>A Abinee tamb\u00e9m projeta eleva\u00e7\u00e3o de 3% na produ\u00e7\u00e3o e aumento no n\u00edvel de emprego, que deve passar de 235 mil para 239 mil trabalhadores.<\/p>\n<p>&nbsp;<\/p>\n<p><strong>Fonte:\u00a0<\/strong>Ag\u00eancia Brasil<\/p>\n<p>&nbsp;<\/p>\n","protected":false},"excerpt":{"rendered":"<p>O faturamento da ind\u00fastria eletroeletr\u00f4nica deve encerrar 2019 em R$ 154 bilh\u00f5es. Segundo a Associa\u00e7\u00e3o Brasileira da Ind\u00fastria El\u00e9trica e Eletr\u00f4nica (Abinee), apesar do crescimento nominal de 5% na compara\u00e7\u00e3o com 2018 (R$ 146,1 bilh\u00f5es), n\u00e3o houve aumento real, uma vez que a infla\u00e7\u00e3o do setor, segundo o \u00cdndice de Pre\u00e7os ao Produtor (IPP), tamb\u00e9m [&hellip;]<\/p>\n","protected":false},"author":96,"featured_media":152387,"comment_status":"closed","ping_status":"closed","sticky":false,"template":"","format":"standard","meta":{"footnotes":""},"categories":[436,261,439],"tags":[],"class_list":["post-152385","post","type-post","status-publish","format-standard","has-post-thumbnail","hentry","category-destaque-da-semana","category-economia","category-ultima-hora"],"_links":{"self":[{"href":"https:\/\/diarioregionaldigital.com.br\/index.php?rest_route=\/wp\/v2\/posts\/152385","targetHints":{"allow":["GET"]}}],"collection":[{"href":"https:\/\/diarioregionaldigital.com.br\/index.php?rest_route=\/wp\/v2\/posts"}],"about":[{"href":"https:\/\/diarioregionaldigital.com.br\/index.php?rest_route=\/wp\/v2\/types\/post"}],"author":[{"embeddable":true,"href":"https:\/\/diarioregionaldigital.com.br\/index.php?rest_route=\/wp\/v2\/users\/96"}],"replies":[{"embeddable":true,"href":"https:\/\/diarioregionaldigital.com.br\/index.php?rest_route=%2Fwp%2Fv2%2Fcomments&post=152385"}],"version-history":[{"count":0,"href":"https:\/\/diarioregionaldigital.com.br\/index.php?rest_route=\/wp\/v2\/posts\/152385\/revisions"}],"wp:featuredmedia":[{"embeddable":true,"href":"https:\/\/diarioregionaldigital.com.br\/index.php?rest_route=\/wp\/v2\/media\/152387"}],"wp:attachment":[{"href":"https:\/\/diarioregionaldigital.com.br\/index.php?rest_route=%2Fwp%2Fv2%2Fmedia&parent=152385"}],"wp:term":[{"taxonomy":"category","embeddable":true,"href":"https:\/\/diarioregionaldigital.com.br\/index.php?rest_route=%2Fwp%2Fv2%2Fcategories&post=152385"},{"taxonomy":"post_tag","embeddable":true,"href":"https:\/\/diarioregionaldigital.com.br\/index.php?rest_route=%2Fwp%2Fv2%2Ftags&post=152385"}],"curies":[{"name":"wp","href":"https:\/\/api.w.org\/{rel}","templated":true}]}}