{"id":152379,"date":"2019-12-06T08:30:35","date_gmt":"2019-12-06T10:30:35","guid":{"rendered":"https:\/\/diarioregionaldigital.com.br\/?p=152379"},"modified":"2019-12-05T21:26:01","modified_gmt":"2019-12-05T23:26:01","slug":"coral-dos-meninos-cantores-da-academia-abre-as-festividades-de-natal-na-camara","status":"publish","type":"post","link":"https:\/\/diarioregionaldigital.com.br\/?p=152379","title":{"rendered":"Coral dos Meninos Cantores da Academia abre as festividades de Natal na C\u00e2mara"},"content":{"rendered":"<p>Eric Grincenkov Rossi, de sete anos, e Let\u00edcia Chinelato Massi, de seis anos, s\u00e3o jovens artistas que j\u00e1 sentem o peso da responsabilidade de abrir as comemora\u00e7\u00f5es do Natal da C\u00e2mara Municipal de Juiz de Fora, durante a abertura da 5\u00aa edi\u00e7\u00e3o do Canta e Encanta. Ambos fazem parte do Coral Mater Verbi e se apresentaram nessa semana, nas escadarias da C\u00e2mara. A estreia em apresenta\u00e7\u00e3o oficial veio acompanhada de timidez e nervosismo, mas tamb\u00e9m de muito entusiasmo pelo esp\u00edrito do Natal. Al\u00e9m da primeira vez dos dois estudantes, a C\u00e2mara de Juiz de Fora tamb\u00e9m, pela primeira vez, n\u00e3o promoveu as tradicionais decora\u00e7\u00e3o e ilumina\u00e7\u00e3o de Natal. Se as luzes s\u00e3o parte do Natal, foi o esp\u00edrito Natalino que motivou a decis\u00e3o do Poder Legislativo em direcionar, para investimentos na sa\u00fade de Juiz de Fora, os R$ 65 mil que seriam gastos com ornamenta\u00e7\u00e3o\u00a0 do pr\u00e9dio da C\u00e2mara, no Parque Halfeld.<\/p>\n<p>O objetivo do Canta e Encanta \u00e9 promover o esp\u00edrito natalino entre as fam\u00edlias juizforanas. Para o presidente da C\u00e2mara, Luiz Ot\u00e1vio Fernandes Coelho (Pardal &#8211; PTC), as celebra\u00e7\u00f5es do Natal s\u00e3o oportunidades para a reflex\u00e3o da import\u00e2ncia da solidariedade durante todo o ano. \u201cE, nesse ano, contamos com a solidariedade de todos para a compreens\u00e3o de que rem\u00e9dios, insumos e leitos em hospitais foram prioridade, principalmente em um momento delicado como o que vivemos na sa\u00fade p\u00fablica do pa\u00eds\u201d.<\/p>\n<p>Sob a reg\u00eancia do maestro Diego Pedrosa Frizeiro, o Coral Mater Verbi dos Meninos Cantores da Academia fez a primeira apresenta\u00e7\u00e3o do dia, cujo repert\u00f3rio contou com can\u00e7\u00f5es natalinas, nacionais e internacionais.<\/p>\n<p>&nbsp;<\/p>\n<p><strong>11\/12 &#8211; Quarta-feira<\/strong><\/p>\n<p>17h:\u00a0 Banda de M\u00fasica do 10\u00b0 Batalh\u00e3o de Infantaria Leve de Montanha<\/p>\n<p>17h30: Coral dos Idosos<\/p>\n<p>18h: Coral dos Surdos da Arquidiocese de Juiz de Fora<\/p>\n<p>&nbsp;<\/p>\n<p><strong>12\/12 &#8211; Quinta-feira<\/strong><\/p>\n<p>17h: \u00a0 Coral Acispes<\/p>\n<p>17h30 &#8211; Coral da Cesama<\/p>\n<p><strong>18\/12 &#8211; Quarta-feira<\/strong><\/p>\n<p>17h: \u00a0 Coral Pr\u00f3-M\u00fasica<\/p>\n<p>17h30: Coral 4\u00aa Igreja Presbiteriana\u00a0 de S\u00e3o Mateus<\/p>\n<p>&nbsp;<\/p>\n<p><strong>19\/12 &#8211; Quinta-feira<\/strong><\/p>\n<p>17h:\u00a0 Coral Banda Vinho Novo<\/p>\n<p>&nbsp;<\/p>\n<p><strong>Fonte:\u00a0<\/strong>Assessoria<\/p>\n","protected":false},"excerpt":{"rendered":"<p>Eric Grincenkov Rossi, de sete anos, e Let\u00edcia Chinelato Massi, de seis anos, s\u00e3o jovens artistas que j\u00e1 sentem o peso da responsabilidade de abrir as comemora\u00e7\u00f5es do Natal da C\u00e2mara Municipal de Juiz de Fora, durante a abertura da 5\u00aa edi\u00e7\u00e3o do Canta e Encanta. Ambos fazem parte do Coral Mater Verbi e se [&hellip;]<\/p>\n","protected":false},"author":96,"featured_media":152380,"comment_status":"closed","ping_status":"closed","sticky":false,"template":"","format":"standard","meta":{"footnotes":""},"categories":[253,436,440,439],"tags":[],"class_list":["post-152379","post","type-post","status-publish","format-standard","has-post-thumbnail","hentry","category-cidade","category-destaque-da-semana","category-destaques-do-dia","category-ultima-hora"],"_links":{"self":[{"href":"https:\/\/diarioregionaldigital.com.br\/index.php?rest_route=\/wp\/v2\/posts\/152379","targetHints":{"allow":["GET"]}}],"collection":[{"href":"https:\/\/diarioregionaldigital.com.br\/index.php?rest_route=\/wp\/v2\/posts"}],"about":[{"href":"https:\/\/diarioregionaldigital.com.br\/index.php?rest_route=\/wp\/v2\/types\/post"}],"author":[{"embeddable":true,"href":"https:\/\/diarioregionaldigital.com.br\/index.php?rest_route=\/wp\/v2\/users\/96"}],"replies":[{"embeddable":true,"href":"https:\/\/diarioregionaldigital.com.br\/index.php?rest_route=%2Fwp%2Fv2%2Fcomments&post=152379"}],"version-history":[{"count":0,"href":"https:\/\/diarioregionaldigital.com.br\/index.php?rest_route=\/wp\/v2\/posts\/152379\/revisions"}],"wp:featuredmedia":[{"embeddable":true,"href":"https:\/\/diarioregionaldigital.com.br\/index.php?rest_route=\/wp\/v2\/media\/152380"}],"wp:attachment":[{"href":"https:\/\/diarioregionaldigital.com.br\/index.php?rest_route=%2Fwp%2Fv2%2Fmedia&parent=152379"}],"wp:term":[{"taxonomy":"category","embeddable":true,"href":"https:\/\/diarioregionaldigital.com.br\/index.php?rest_route=%2Fwp%2Fv2%2Fcategories&post=152379"},{"taxonomy":"post_tag","embeddable":true,"href":"https:\/\/diarioregionaldigital.com.br\/index.php?rest_route=%2Fwp%2Fv2%2Ftags&post=152379"}],"curies":[{"name":"wp","href":"https:\/\/api.w.org\/{rel}","templated":true}]}}