{"id":152376,"date":"2019-12-06T08:00:30","date_gmt":"2019-12-06T10:00:30","guid":{"rendered":"https:\/\/diarioregionaldigital.com.br\/?p=152376"},"modified":"2019-12-05T21:10:15","modified_gmt":"2019-12-05T23:10:15","slug":"fiscaliza-jf-visita-ubs-em-chapeu-duvas","status":"publish","type":"post","link":"https:\/\/diarioregionaldigital.com.br\/?p=152376","title":{"rendered":"Fiscaliza JF visita UBS em Chap\u00e9u D\u2019Uvas"},"content":{"rendered":"<p>A equipe do Fiscaliza JF visitou nessa semana, a Unidade B\u00e1sica de Sa\u00fade (UBS) do bairro Chap\u00e9u D\u2019Uvas. A visita tinha como objetivo atender as reivindica\u00e7\u00f5es dos moradores que utilizam o local. Participaram da visita o presidente da C\u00e2mara, Luiz Ot\u00e1vio Fernandes Coelho (Pardal &#8211; PTC), o vereador Kennedy RIbeiro (MDB) e o assessor do vereador Marlon Siqueira (MDB).<\/p>\n<p>De acordo com os moradores da regi\u00e3o, os principais problemas da unidade est\u00e3o ligados a infraestrutura. \u201cN\u00e3o temos privacidade nenhuma, tudo o que \u00e9 falado l\u00e1 dentro as pessoas escutam do lado de fora, n\u00e3o temos nem uma maca direito para fazer um exame\u201d, destacou a moradora Fab\u00edola Ara\u00fajo de Assis, argumentando ainda sobre a falta de aparelhos e de medicamentos.<\/p>\n<p>O local onde funciona atualmente a UBS \u00e9 um c\u00f4modo improvisado cedido pela Escola Municipal Almerinda Tavares e atende aproximadamente 40 pessoas diariamente. Hoje a Unidade possui seis funcion\u00e1rios sendo tr\u00eas m\u00e9dicos, uma enfermeira, uma t\u00e9cnica de enfermagem e uma auxiliar de servi\u00e7os gerais.<\/p>\n<p>O presidente da C\u00e2mara, Pardal, destacou de forma muito negativa a condi\u00e7\u00e3o f\u00edsica do im\u00f3vel: \u201c\u00c9 totalmente inadequado, o espa\u00e7o f\u00edsico atrapalha muito a vida dos profissionais que desenvolvem o seu trabalho e, principalmente, da popula\u00e7\u00e3o\u201d, afirmou.<\/p>\n<p>O vereador Kennedy Ribeiro (MDB) relatou que o espa\u00e7o da UBS \u00e9 pequeno para uma popula\u00e7\u00e3o que est\u00e1 em crescimento, j\u00e1 que a Unidade atende hoje cerca de 1300 moradores. O vereador ainda assumiu o compromisso com a popula\u00e7\u00e3o de levar a situa\u00e7\u00e3o ao prefeito para que medidas emergenciais sejam tomadas.<\/p>\n<p>Para os funcion\u00e1rios da UBS a falta de espa\u00e7o f\u00edsico dificulta o atendimento de qualidade. Ao fim da visita, os vereadores e a equipe do Fiscaliza foram com os moradores verificaram um im\u00f3vel, o qual a comitiva indicou\u00a0como adequado para um novo posto. O novo local fica pr\u00f3ximo de onde funciona a UBS. No relat\u00f3rio feito pela equipe do Fiscaliza JF a ser encaminhado ao Executivo constar\u00e1 a possibilidade de troca do espa\u00e7o, para melhor qualidade no atendimento.<\/p>\n<p>&nbsp;<\/p>\n<p><strong>Fonte:\u00a0<\/strong>Assessoria<\/p>\n","protected":false},"excerpt":{"rendered":"<p>A equipe do Fiscaliza JF visitou nessa semana, a Unidade B\u00e1sica de Sa\u00fade (UBS) do bairro Chap\u00e9u D\u2019Uvas. A visita tinha como objetivo atender as reivindica\u00e7\u00f5es dos moradores que utilizam o local. Participaram da visita o presidente da C\u00e2mara, Luiz Ot\u00e1vio Fernandes Coelho (Pardal &#8211; PTC), o vereador Kennedy RIbeiro (MDB) e o assessor do [&hellip;]<\/p>\n","protected":false},"author":96,"featured_media":152377,"comment_status":"closed","ping_status":"closed","sticky":false,"template":"","format":"standard","meta":{"footnotes":""},"categories":[253,436,440,439],"tags":[],"class_list":["post-152376","post","type-post","status-publish","format-standard","has-post-thumbnail","hentry","category-cidade","category-destaque-da-semana","category-destaques-do-dia","category-ultima-hora"],"_links":{"self":[{"href":"https:\/\/diarioregionaldigital.com.br\/index.php?rest_route=\/wp\/v2\/posts\/152376","targetHints":{"allow":["GET"]}}],"collection":[{"href":"https:\/\/diarioregionaldigital.com.br\/index.php?rest_route=\/wp\/v2\/posts"}],"about":[{"href":"https:\/\/diarioregionaldigital.com.br\/index.php?rest_route=\/wp\/v2\/types\/post"}],"author":[{"embeddable":true,"href":"https:\/\/diarioregionaldigital.com.br\/index.php?rest_route=\/wp\/v2\/users\/96"}],"replies":[{"embeddable":true,"href":"https:\/\/diarioregionaldigital.com.br\/index.php?rest_route=%2Fwp%2Fv2%2Fcomments&post=152376"}],"version-history":[{"count":0,"href":"https:\/\/diarioregionaldigital.com.br\/index.php?rest_route=\/wp\/v2\/posts\/152376\/revisions"}],"wp:featuredmedia":[{"embeddable":true,"href":"https:\/\/diarioregionaldigital.com.br\/index.php?rest_route=\/wp\/v2\/media\/152377"}],"wp:attachment":[{"href":"https:\/\/diarioregionaldigital.com.br\/index.php?rest_route=%2Fwp%2Fv2%2Fmedia&parent=152376"}],"wp:term":[{"taxonomy":"category","embeddable":true,"href":"https:\/\/diarioregionaldigital.com.br\/index.php?rest_route=%2Fwp%2Fv2%2Fcategories&post=152376"},{"taxonomy":"post_tag","embeddable":true,"href":"https:\/\/diarioregionaldigital.com.br\/index.php?rest_route=%2Fwp%2Fv2%2Ftags&post=152376"}],"curies":[{"name":"wp","href":"https:\/\/api.w.org\/{rel}","templated":true}]}}