{"id":152373,"date":"2019-12-08T10:00:01","date_gmt":"2019-12-08T12:00:01","guid":{"rendered":"https:\/\/diarioregionaldigital.com.br\/?p=152373"},"modified":"2019-12-05T21:07:31","modified_gmt":"2019-12-05T23:07:31","slug":"cerimonia-de-premiacao-dos-jogos-intercolegiais-acontece-na-segunda-feira","status":"publish","type":"post","link":"https:\/\/diarioregionaldigital.com.br\/?p=152373","title":{"rendered":"Cerim\u00f4nia de premia\u00e7\u00e3o dos \u201cJogos Intercolegiais\u201d acontece na segunda-feira"},"content":{"rendered":"<p>Na segunda-feira (9), acontecer\u00e1 no Teatro \u201cPaschoal Carlos Magno\u201d a cerim\u00f4nia de premia\u00e7\u00e3o da 26\u00aa edi\u00e7\u00e3o dos \u201cJogos Intercolegiais\u201d, realizados pela Secretaria de Esporte e Lazer (SEL) da Prefeitura de Juiz de Fora (PJF). Com in\u00edcio \u00e0s 19 horas, ela premiar\u00e1 os campe\u00f5es e os destaques de cada modalidade, al\u00e9m dos vencedores por rede de ensino (municipal, estadual, particular e federal). Esta edi\u00e7\u00e3o contou com cerca de 6.200 alunos, de 91 escolas. Foram disputadas 13 modalidades regulares, dentre elas, xadrez, jud\u00f4, futebol de campo, basquete e nata\u00e7\u00e3o, al\u00e9m de tr\u00eas para pessoas com defici\u00eancia: nata\u00e7\u00e3o, atletismo e polybat. Os jogos aconteceram de fevereiro a novembro, com centenas de partidas disputadas na SEL e em clubes e escolas da cidade, como Sport Club JF, Universidade Federal de Juiz de Fora (UFJF), Col\u00e9gio Academia de Com\u00e9rcio e Col\u00e9gio Degraus de Ensino, Sport Club Mariano Proc\u00f3pio e Tupi Futebol Clube, entre outros.<\/p>\n<p><strong>\u201dJogos Intercolegiais\u201d<\/strong><\/p>\n<p>T\u00eam por finalidade incentivar a participa\u00e7\u00e3o das institui\u00e7\u00f5es de ensino de Juiz de Fora em atividades esportivas, promover a ampla mobiliza\u00e7\u00e3o da juventude estudantil em torno do esporte e a integra\u00e7\u00e3o entre os estudantes em idade escolar. A competi\u00e7\u00e3o envolve alunos na faixa et\u00e1ria entre 12 e 17 anos das redes p\u00fablicas municipal, estadual, federal e particular. S\u00e3o disputadas modalidades individuais e coletivas, al\u00e9m de provas paral\u00edmpicas.<\/p>\n<p>Os jogos fundamentam-se nos princ\u00edpios de valoriza\u00e7\u00e3o do esporte escolar, tais como: participa\u00e7\u00e3o, coopera\u00e7\u00e3o, emancipa\u00e7\u00e3o e inclus\u00e3o, norteadores da constru\u00e7\u00e3o e realiza\u00e7\u00e3o das a\u00e7\u00f5es que, antes de tudo, s\u00e3o pedag\u00f3gicas, contribuindo para a forma\u00e7\u00e3o cidad\u00e3 dos estudantes. A competi\u00e7\u00e3o estabelece conson\u00e2ncia com os princ\u00edpios educacionais, ao valorizar a corporeidade, o l\u00fadico, os esportes e o movimento de forma\u00e7\u00e3o humana, contribuindo para a forma\u00e7\u00e3o integral dos alunos.<\/p>\n<p>&nbsp;<\/p>\n<p><strong>Fonte:\u00a0<\/strong>Assessoria<\/p>\n","protected":false},"excerpt":{"rendered":"<p>Na segunda-feira (9), acontecer\u00e1 no Teatro \u201cPaschoal Carlos Magno\u201d a cerim\u00f4nia de premia\u00e7\u00e3o da 26\u00aa edi\u00e7\u00e3o dos \u201cJogos Intercolegiais\u201d, realizados pela Secretaria de Esporte e Lazer (SEL) da Prefeitura de Juiz de Fora (PJF). Com in\u00edcio \u00e0s 19 horas, ela premiar\u00e1 os campe\u00f5es e os destaques de cada modalidade, al\u00e9m dos vencedores por rede de [&hellip;]<\/p>\n","protected":false},"author":96,"featured_media":152374,"comment_status":"closed","ping_status":"closed","sticky":false,"template":"","format":"standard","meta":{"footnotes":""},"categories":[436,257,439],"tags":[],"class_list":["post-152373","post","type-post","status-publish","format-standard","has-post-thumbnail","hentry","category-destaque-da-semana","category-esporte","category-ultima-hora"],"_links":{"self":[{"href":"https:\/\/diarioregionaldigital.com.br\/index.php?rest_route=\/wp\/v2\/posts\/152373","targetHints":{"allow":["GET"]}}],"collection":[{"href":"https:\/\/diarioregionaldigital.com.br\/index.php?rest_route=\/wp\/v2\/posts"}],"about":[{"href":"https:\/\/diarioregionaldigital.com.br\/index.php?rest_route=\/wp\/v2\/types\/post"}],"author":[{"embeddable":true,"href":"https:\/\/diarioregionaldigital.com.br\/index.php?rest_route=\/wp\/v2\/users\/96"}],"replies":[{"embeddable":true,"href":"https:\/\/diarioregionaldigital.com.br\/index.php?rest_route=%2Fwp%2Fv2%2Fcomments&post=152373"}],"version-history":[{"count":0,"href":"https:\/\/diarioregionaldigital.com.br\/index.php?rest_route=\/wp\/v2\/posts\/152373\/revisions"}],"wp:featuredmedia":[{"embeddable":true,"href":"https:\/\/diarioregionaldigital.com.br\/index.php?rest_route=\/wp\/v2\/media\/152374"}],"wp:attachment":[{"href":"https:\/\/diarioregionaldigital.com.br\/index.php?rest_route=%2Fwp%2Fv2%2Fmedia&parent=152373"}],"wp:term":[{"taxonomy":"category","embeddable":true,"href":"https:\/\/diarioregionaldigital.com.br\/index.php?rest_route=%2Fwp%2Fv2%2Fcategories&post=152373"},{"taxonomy":"post_tag","embeddable":true,"href":"https:\/\/diarioregionaldigital.com.br\/index.php?rest_route=%2Fwp%2Fv2%2Ftags&post=152373"}],"curies":[{"name":"wp","href":"https:\/\/api.w.org\/{rel}","templated":true}]}}