{"id":152370,"date":"2019-12-08T09:00:10","date_gmt":"2019-12-08T11:00:10","guid":{"rendered":"https:\/\/diarioregionaldigital.com.br\/?p=152370"},"modified":"2019-12-05T21:03:43","modified_gmt":"2019-12-05T23:03:43","slug":"hoje-encerra-o-campeonato-brasileiro-2019","status":"publish","type":"post","link":"https:\/\/diarioregionaldigital.com.br\/?p=152370","title":{"rendered":"Hoje encerra o Campeonato Brasileiro 2019"},"content":{"rendered":"<p>Ap\u00f3s 38 rodadas de disputa, o Brasileir\u00e3o chega ao seu t\u00e9rmino neste domingo (8). O campe\u00e3o j\u00e1 est\u00e1 definido: Flamengo; Fase de Grupos da Libertadores tamb\u00e9m: Flamengo, Palmeiras, Santos, Athletico-PR, Gr\u00eamio e S\u00e3o Paulo; Pr\u00e9-Liberadores: Corinthians e Internacional; Copa Sul-Americana: Fortaleza, Goi\u00e1s, Atl\u00e9tico-MG, Bahia e Vasco; Rebaixados: CSA, Chapecoense e Ava\u00ed. A disputa pela \u00faltima vaga no segundo torneio continental mais importante das Am\u00e9ricas fica entre Fluminense e Botafogo. O tricolor das laranjeiras visita o Corinthians em S\u00e3o Paulo e o alvinegro recebe o Cear\u00e1 no Est\u00e1dio Nilton Santos no Rio de Janeiro.<\/p>\n<p>A rodada define tamb\u00e9m o \u00faltimo rebaixado para a S\u00e9rie B 2020, os 2 times na disputa s\u00e3o Cear\u00e1 e Cruzeiro. Assim como citado anteriormente o clube cearense jogar\u00e1 contra o Botafogo e o time mineiro, que quer evitar sua primeira queda na hist\u00f3ria, enfrentar\u00e1 o Palmeiras no Est\u00e1dio do Mineir\u00e3o em Belo Horizonte. Quem conseguir vencer seus respectivos advers\u00e1rios permanecer\u00e1 na divis\u00e3o de elite do futebol brasileiro.<\/p>\n<p>&nbsp;<\/p>\n<p><strong>Jogos da rodada*:<\/strong><\/p>\n<p><strong><em>*<\/em><\/strong><strong><em>Todos \u00e0s 16h:00<\/em><\/strong><\/p>\n<p>Internacional x Atl\u00e9tico-MG;<\/p>\n<p>Cruzeiro x Palmeiras;<\/p>\n<p>Fortaleza x Bahia;<\/p>\n<p>Corinthians x Fluminense;<\/p>\n<p>Santos x Flamengo;<\/p>\n<p>Vasco x Chapecoense;<\/p>\n<p>Botafogo x Cear\u00e1;<\/p>\n<p>Ava\u00ed x Athletico-PR;<\/p>\n<p>Goi\u00e1s x Gr\u00eamio;<\/p>\n<p>CSA X S\u00e3o Paulo;<\/p>\n<p>&nbsp;<\/p>\n","protected":false},"excerpt":{"rendered":"<p>Ap\u00f3s 38 rodadas de disputa, o Brasileir\u00e3o chega ao seu t\u00e9rmino neste domingo (8). O campe\u00e3o j\u00e1 est\u00e1 definido: Flamengo; Fase de Grupos da Libertadores tamb\u00e9m: Flamengo, Palmeiras, Santos, Athletico-PR, Gr\u00eamio e S\u00e3o Paulo; Pr\u00e9-Liberadores: Corinthians e Internacional; Copa Sul-Americana: Fortaleza, Goi\u00e1s, Atl\u00e9tico-MG, Bahia e Vasco; Rebaixados: CSA, Chapecoense e Ava\u00ed. A disputa pela \u00faltima [&hellip;]<\/p>\n","protected":false},"author":96,"featured_media":152371,"comment_status":"closed","ping_status":"closed","sticky":false,"template":"","format":"standard","meta":{"footnotes":""},"categories":[436,440,257,439],"tags":[],"class_list":["post-152370","post","type-post","status-publish","format-standard","has-post-thumbnail","hentry","category-destaque-da-semana","category-destaques-do-dia","category-esporte","category-ultima-hora"],"_links":{"self":[{"href":"https:\/\/diarioregionaldigital.com.br\/index.php?rest_route=\/wp\/v2\/posts\/152370","targetHints":{"allow":["GET"]}}],"collection":[{"href":"https:\/\/diarioregionaldigital.com.br\/index.php?rest_route=\/wp\/v2\/posts"}],"about":[{"href":"https:\/\/diarioregionaldigital.com.br\/index.php?rest_route=\/wp\/v2\/types\/post"}],"author":[{"embeddable":true,"href":"https:\/\/diarioregionaldigital.com.br\/index.php?rest_route=\/wp\/v2\/users\/96"}],"replies":[{"embeddable":true,"href":"https:\/\/diarioregionaldigital.com.br\/index.php?rest_route=%2Fwp%2Fv2%2Fcomments&post=152370"}],"version-history":[{"count":0,"href":"https:\/\/diarioregionaldigital.com.br\/index.php?rest_route=\/wp\/v2\/posts\/152370\/revisions"}],"wp:featuredmedia":[{"embeddable":true,"href":"https:\/\/diarioregionaldigital.com.br\/index.php?rest_route=\/wp\/v2\/media\/152371"}],"wp:attachment":[{"href":"https:\/\/diarioregionaldigital.com.br\/index.php?rest_route=%2Fwp%2Fv2%2Fmedia&parent=152370"}],"wp:term":[{"taxonomy":"category","embeddable":true,"href":"https:\/\/diarioregionaldigital.com.br\/index.php?rest_route=%2Fwp%2Fv2%2Fcategories&post=152370"},{"taxonomy":"post_tag","embeddable":true,"href":"https:\/\/diarioregionaldigital.com.br\/index.php?rest_route=%2Fwp%2Fv2%2Ftags&post=152370"}],"curies":[{"name":"wp","href":"https:\/\/api.w.org\/{rel}","templated":true}]}}