{"id":152366,"date":"2019-12-06T07:00:37","date_gmt":"2019-12-06T09:00:37","guid":{"rendered":"https:\/\/diarioregionaldigital.com.br\/?p=152366"},"modified":"2019-12-05T21:01:32","modified_gmt":"2019-12-05T23:01:32","slug":"thiago-pereira-se-candidata-a-vaga-na-comissao-de-atletas-do-coi","status":"publish","type":"post","link":"https:\/\/diarioregionaldigital.com.br\/?p=152366","title":{"rendered":"Thiago Pereira se candidata a vaga na Comiss\u00e3o de Atletas do COI"},"content":{"rendered":"<p>O medalhista ol\u00edmpico Thiago Pereira ser\u00e1 o representante brasileiro na elei\u00e7\u00e3o que definir\u00e1 os quatro novos integrantes da Comiss\u00e3o de Atletas do Comit\u00ea Ol\u00edmpico Internacional (COI). Ap\u00f3s realizar sua inscri\u00e7\u00e3o no \u00faltimo m\u00eas de setembro, o nadador de 33 anos teve sua candidatura aceita pela entidade m\u00e1xima do Movimento Ol\u00edmpico.<\/p>\n<p>\u201cJ\u00e1 integro a Comiss\u00e3o de Atletas do COB e da FINA e em ambas conseguimos ter mais representatividade dentro das entidades. No caso da FINA, inclusive, passamos a ter direito a voto na Assembleia, assim como j\u00e1 ocorre no COB. Ent\u00e3o, vejo essa candidatura como mais uma oportunidade para n\u00f3s, atletas, estarmos mais envolvidos nas decis\u00f5es que ser\u00e3o tomadas\u201d, disse Thiago.<\/p>\n<p>A elei\u00e7\u00e3o acontecer\u00e1 entre os dias 14 de julho, data em que ser\u00e1 aberta oficialmente a Vila Ol\u00edmpica de T\u00f3quio 2020, e 4 de agosto. A principal \u00e1rea de vota\u00e7\u00e3o ser\u00e1 o Espa\u00e7o Athlete 365, em frente ao refeit\u00f3rio da Vila, mas outros locais de vota\u00e7\u00e3o ser\u00e3o disponibilizados nas cidades que abrigar\u00e3o as partidas de futebol e em Enoshima, que receber\u00e1 as competi\u00e7\u00f5es de vela.<\/p>\n<p>A Comiss\u00e3o de Atletas do COI possui 23 membros, cujos mandatos t\u00eam dura\u00e7\u00e3o de oito anos. Quatro deles s\u00e3o eleitos a cada edi\u00e7\u00e3o dos Jogos Ol\u00edmpicos de Ver\u00e3o, enquanto dois novos membros passam a fazer parte do \u00f3rg\u00e3o logo ap\u00f3s os Jogos Ol\u00edmpicos de Inverno.<\/p>\n<p>Maior medalhista da hist\u00f3ria dos Jogos Pan-americanos, com 23 medalhas (15 ouros, 4 pratas e 4 bronzes), Thiago Pereira tem como principal conquista na carreira a medalha de prata ol\u00edmpica nos 400m medley, em Londres 2012, tendo superado o norte-americano Michael Phelps. Al\u00e9m disso, conquistou sete medalhas em Campeonatos Mundiais de nata\u00e7\u00e3o: quatro em piscina curta e tr\u00eas em piscina longa.<\/p>\n<p>Caso seja eleito, esta n\u00e3o ser\u00e1 a primeira experi\u00eancia do nadador brasileiro em uma Comiss\u00e3o de Atletas. Al\u00e9m de integrar a Comiss\u00e3o do COB desde 2009 e da FINA desde 2013, Thiago passou a ocupar a mesma fun\u00e7\u00e3o este ano na Uni\u00e3o Americana de Nata\u00e7\u00e3o (UANA) e, entre 2015 e 2019, foi membro da Comiss\u00e3o da Panam Sports.<\/p>\n<p>&nbsp;<\/p>\n<p><strong>Fonte:\u00a0<\/strong>COB<\/p>\n","protected":false},"excerpt":{"rendered":"<p>O medalhista ol\u00edmpico Thiago Pereira ser\u00e1 o representante brasileiro na elei\u00e7\u00e3o que definir\u00e1 os quatro novos integrantes da Comiss\u00e3o de Atletas do Comit\u00ea Ol\u00edmpico Internacional (COI). Ap\u00f3s realizar sua inscri\u00e7\u00e3o no \u00faltimo m\u00eas de setembro, o nadador de 33 anos teve sua candidatura aceita pela entidade m\u00e1xima do Movimento Ol\u00edmpico. \u201cJ\u00e1 integro a Comiss\u00e3o de [&hellip;]<\/p>\n","protected":false},"author":96,"featured_media":152367,"comment_status":"closed","ping_status":"closed","sticky":false,"template":"","format":"standard","meta":{"footnotes":""},"categories":[436,257,439],"tags":[],"class_list":["post-152366","post","type-post","status-publish","format-standard","has-post-thumbnail","hentry","category-destaque-da-semana","category-esporte","category-ultima-hora"],"_links":{"self":[{"href":"https:\/\/diarioregionaldigital.com.br\/index.php?rest_route=\/wp\/v2\/posts\/152366","targetHints":{"allow":["GET"]}}],"collection":[{"href":"https:\/\/diarioregionaldigital.com.br\/index.php?rest_route=\/wp\/v2\/posts"}],"about":[{"href":"https:\/\/diarioregionaldigital.com.br\/index.php?rest_route=\/wp\/v2\/types\/post"}],"author":[{"embeddable":true,"href":"https:\/\/diarioregionaldigital.com.br\/index.php?rest_route=\/wp\/v2\/users\/96"}],"replies":[{"embeddable":true,"href":"https:\/\/diarioregionaldigital.com.br\/index.php?rest_route=%2Fwp%2Fv2%2Fcomments&post=152366"}],"version-history":[{"count":0,"href":"https:\/\/diarioregionaldigital.com.br\/index.php?rest_route=\/wp\/v2\/posts\/152366\/revisions"}],"wp:featuredmedia":[{"embeddable":true,"href":"https:\/\/diarioregionaldigital.com.br\/index.php?rest_route=\/wp\/v2\/media\/152367"}],"wp:attachment":[{"href":"https:\/\/diarioregionaldigital.com.br\/index.php?rest_route=%2Fwp%2Fv2%2Fmedia&parent=152366"}],"wp:term":[{"taxonomy":"category","embeddable":true,"href":"https:\/\/diarioregionaldigital.com.br\/index.php?rest_route=%2Fwp%2Fv2%2Fcategories&post=152366"},{"taxonomy":"post_tag","embeddable":true,"href":"https:\/\/diarioregionaldigital.com.br\/index.php?rest_route=%2Fwp%2Fv2%2Ftags&post=152366"}],"curies":[{"name":"wp","href":"https:\/\/api.w.org\/{rel}","templated":true}]}}