{"id":152181,"date":"2019-12-03T17:10:23","date_gmt":"2019-12-03T19:10:23","guid":{"rendered":"https:\/\/diarioregionaldigital.com.br\/?p=152181"},"modified":"2019-12-03T17:10:23","modified_gmt":"2019-12-03T19:10:23","slug":"venda-de-veiculos-novos-cresce-438-em-novembro-frente-a-2018","status":"publish","type":"post","link":"https:\/\/diarioregionaldigital.com.br\/?p=152181","title":{"rendered":"Venda de ve\u00edculos novos cresce 4,38% em novembro frente a 2018"},"content":{"rendered":"<p>Em novembro, a venda de ve\u00edculos novos no Brasil, considerando-se apenas os autom\u00f3veis e comerciais leves (picapes e furg\u00f5es), cresceu 4,38% sobre novembro de 2018, mas\u00a0com retra\u00e7\u00e3o de 4,24% ante outubro, com o emplacamento de 230.923 unidades. O dado foi divulgado pela Federa\u00e7\u00e3o Nacional da Distribui\u00e7\u00e3o de Ve\u00edculos Automotores (Fenabrave).<\/p>\n<p>Considerando o emplacamento de todos os segmentos somados (autom\u00f3veis, comerciais leves, caminh\u00f5es, \u00f4nibus, motocicletas, implementos rodovi\u00e1rios e outros ve\u00edculos), houve crescimento de 7,81% em compara\u00e7\u00e3o ao mesmo m\u00eas do ano passado e queda de 6,05% em rela\u00e7\u00e3o a outubro, com a venda de 345.386 unidades. Segundo a Fenabrave, a queda em rela\u00e7\u00e3o a outubro se explica pelo menor n\u00famero de dias \u00fateis. &#8220;Faltando apenas um m\u00eas\u00a0para o fechamento do ano\u00a0notamos a estabilidade do mercado. Isso \u00e9 positivo, pois n\u00e3o houve grandes oscila\u00e7\u00f5es durante o ano, o que confirma as nossas expectativas para 2019, que deve crescer 10,76% sobre 2018&#8221;, disse Alarico Assump\u00e7\u00e3o J\u00fanior, presidente da Fenabrave.<\/p>\n<p>&nbsp;<\/p>\n<p><strong><span style=\"font-size: 14pt;\">Acumulado do ano<\/span><\/strong><\/p>\n<p>Entre janeiro e novembro deste ano, a venda de todos os segmentos registrou alta de 10,3%, com o total de 3.665.370 ve\u00edculos novos emplacados. Considerando-se apenas os emplacamentos de autom\u00f3veis e comerciais leves no acumulado do ano, houve alta de 7,21% sobre o mesmo per\u00edodo do ano anterior, com 2.406.984 unidades licenciadas.<\/p>\n<p>&nbsp;<\/p>\n<p><strong>Fonte:\u00a0<\/strong>Ag\u00eancia Brasil<\/p>\n<p><strong>\u00a0<\/strong><\/p>\n","protected":false},"excerpt":{"rendered":"<p>Em novembro, a venda de ve\u00edculos novos no Brasil, considerando-se apenas os autom\u00f3veis e comerciais leves (picapes e furg\u00f5es), cresceu 4,38% sobre novembro de 2018, mas\u00a0com retra\u00e7\u00e3o de 4,24% ante outubro, com o emplacamento de 230.923 unidades. O dado foi divulgado pela Federa\u00e7\u00e3o Nacional da Distribui\u00e7\u00e3o de Ve\u00edculos Automotores (Fenabrave). Considerando o emplacamento de todos [&hellip;]<\/p>\n","protected":false},"author":96,"featured_media":152182,"comment_status":"closed","ping_status":"closed","sticky":false,"template":"","format":"standard","meta":{"footnotes":""},"categories":[436,261,439],"tags":[],"class_list":["post-152181","post","type-post","status-publish","format-standard","has-post-thumbnail","hentry","category-destaque-da-semana","category-economia","category-ultima-hora"],"_links":{"self":[{"href":"https:\/\/diarioregionaldigital.com.br\/index.php?rest_route=\/wp\/v2\/posts\/152181","targetHints":{"allow":["GET"]}}],"collection":[{"href":"https:\/\/diarioregionaldigital.com.br\/index.php?rest_route=\/wp\/v2\/posts"}],"about":[{"href":"https:\/\/diarioregionaldigital.com.br\/index.php?rest_route=\/wp\/v2\/types\/post"}],"author":[{"embeddable":true,"href":"https:\/\/diarioregionaldigital.com.br\/index.php?rest_route=\/wp\/v2\/users\/96"}],"replies":[{"embeddable":true,"href":"https:\/\/diarioregionaldigital.com.br\/index.php?rest_route=%2Fwp%2Fv2%2Fcomments&post=152181"}],"version-history":[{"count":0,"href":"https:\/\/diarioregionaldigital.com.br\/index.php?rest_route=\/wp\/v2\/posts\/152181\/revisions"}],"wp:featuredmedia":[{"embeddable":true,"href":"https:\/\/diarioregionaldigital.com.br\/index.php?rest_route=\/wp\/v2\/media\/152182"}],"wp:attachment":[{"href":"https:\/\/diarioregionaldigital.com.br\/index.php?rest_route=%2Fwp%2Fv2%2Fmedia&parent=152181"}],"wp:term":[{"taxonomy":"category","embeddable":true,"href":"https:\/\/diarioregionaldigital.com.br\/index.php?rest_route=%2Fwp%2Fv2%2Fcategories&post=152181"},{"taxonomy":"post_tag","embeddable":true,"href":"https:\/\/diarioregionaldigital.com.br\/index.php?rest_route=%2Fwp%2Fv2%2Ftags&post=152181"}],"curies":[{"name":"wp","href":"https:\/\/api.w.org\/{rel}","templated":true}]}}