{"id":152176,"date":"2019-12-03T17:02:39","date_gmt":"2019-12-03T19:02:39","guid":{"rendered":"https:\/\/diarioregionaldigital.com.br\/?p=152176"},"modified":"2019-12-03T17:02:39","modified_gmt":"2019-12-03T19:02:39","slug":"com-nova-revisao-da-balanca-comercial-exportacoes-sobem-us-64-bi","status":"publish","type":"post","link":"https:\/\/diarioregionaldigital.com.br\/?p=152176","title":{"rendered":"Com nova revis\u00e3o da balan\u00e7a comercial, exporta\u00e7\u00f5es sobem US$ 6,4 bi"},"content":{"rendered":"<p>Depois de revisar para cima as exporta\u00e7\u00f5es de novembro, o governo voltou a corrigir dados da balan\u00e7a comercial. Com a nova retifica\u00e7\u00e3o, as exporta\u00e7\u00f5es aumentaram em US$ 6,488 bilh\u00f5es em setembro, outubro e em novembro (at\u00e9 o dia 24) em rela\u00e7\u00e3o ao anteriormente anunciado.<\/p>\n<p>Os dados da \u00faltima semana de novembro n\u00e3o foram atualizados porque, segundo a Secretaria de Com\u00e9rcio Exterior (Secex) do Minist\u00e9rio da Economia, as informa\u00e7\u00f5es foram coletadas e transmitidas da forma correta.<\/p>\n<p>Originalmente, a Secretaria de Com\u00e9rcio Exterior tinha afirmado que as exporta\u00e7\u00f5es brasileiras tinham totalizado US$ 18,921 bilh\u00f5es em setembro, US$ 18,231 bilh\u00f5es em outubro e US$ 9,681 bilh\u00f5es at\u00e9 24 de novembro. Com a revis\u00e3o, as vendas externas ficaram em US$ 20,289 bilh\u00f5es em setembro, US$ 19,576 em outubro e US$ 13,456 bilh\u00f5es at\u00e9 24 de novembro.<\/p>\n<p>&nbsp;<\/p>\n<p><span style=\"font-size: 14pt;\"><strong>Falha na transmiss\u00e3o\u00a0<\/strong><\/span><\/p>\n<p>Segundo o Minist\u00e9rio da Economia, o problema na balan\u00e7a comercial foi causado no momento de transmiss\u00e3o dos dados \u00e0 Secex. A falha ocorreu porque o Servi\u00e7o Federal de Processamento de Dados (Serpro) descumpriu as recomenda\u00e7\u00f5es de um fornecedor de equipamentos na hora de programar a coleta dos dados dos relat\u00f3rios de exporta\u00e7\u00f5es enviados pelas empresas.<\/p>\n<p>Em janeiro, entrou em vigor o novo sistema de estat\u00edsticas comerciais, desenvolvido pelo Serpro, que substituiu o antigo Siscomex. Por enquanto, somente as exporta\u00e7\u00f5es est\u00e3o sendo apuradas pelo novo sistema. As importa\u00e7\u00f5es continuam a ser contabilizadas pelo modelo antigo.<\/p>\n<p>Diretor de Desenvolvimento do Serpro, Ricardo Juc\u00e1 disse ter havido um erro humano na programa\u00e7\u00e3o da coleta de dados, que come\u00e7ou a pegar amostras dos relat\u00f3rios de exporta\u00e7\u00e3o em vez de pegar os dados totais. \u201cEsse servi\u00e7o faz uma consulta ao banco de dados e essa consulta n\u00e3o estava retornado a totalidade das exporta\u00e7\u00f5es no per\u00edodo apurado\u201d, disse. Ele explicou que o problema afetou as exporta\u00e7\u00f5es de v\u00e1rios setores da economia, sem se concentrar num produto ou empresa espec\u00edfica.<\/p>\n<p>Ao perceberem que os n\u00fameros das exporta\u00e7\u00f5es vinham mais baixos que a s\u00e9rie hist\u00f3rica, explicou Juc\u00e1, os t\u00e9cnicos da Secex pediram ao Serpro uma auditoria nas estat\u00edsticas de vendas externas do ano, que constatou que os erros come\u00e7aram a aparecer em setembro. \u201cFoi uma infelicidade. O volume de dados cresceu, e n\u00e3o fizemos os testes necess\u00e1rios\u201d, disse Juc\u00e1.<\/p>\n<p>O subsecret\u00e1rio de Intelig\u00eancia e Estat\u00edstica de Com\u00e9rcio Exterior do Minist\u00e9rio da Economia, Herlon Brand\u00e3o, disse que o governo ainda est\u00e1 avaliando se o incidente configurou quebra de contrato e se o Serpro seria punido com uma multa. \u201cIsso est\u00e1 sendo avaliado. Se as presta\u00e7\u00f5es foram cumpridas. Quais as consequ\u00eancias, ainda n\u00e3o posso afirmar\u201d, justificou.<\/p>\n<p>O Minist\u00e9rio da Economia informou que a retifica\u00e7\u00e3o da balan\u00e7a comercial tamb\u00e9m levar\u00e1 o Banco Central (BC) a revisar os n\u00fameros das contas externas, indicador que inclui saldo comercial, saldo de servi\u00e7os, remessas l\u00edquidas de renda ao exterior, entrada e sa\u00edda de aplica\u00e7\u00f5es financeiras e investimentos estrangeiros diretos. Em nota, o BC afirmou que as estat\u00edsticas das contas externas ser\u00e3o revisadas na pr\u00f3xima publica\u00e7\u00e3o, que ser\u00e1 divulgada em 20 de dezembro.<\/p>\n<p><strong>\u00a0<\/strong><\/p>\n<p><strong>Fonte:\u00a0<\/strong>Ag\u00eancia Brasil<\/p>\n","protected":false},"excerpt":{"rendered":"<p>Depois de revisar para cima as exporta\u00e7\u00f5es de novembro, o governo voltou a corrigir dados da balan\u00e7a comercial. Com a nova retifica\u00e7\u00e3o, as exporta\u00e7\u00f5es aumentaram em US$ 6,488 bilh\u00f5es em setembro, outubro e em novembro (at\u00e9 o dia 24) em rela\u00e7\u00e3o ao anteriormente anunciado. Os dados da \u00faltima semana de novembro n\u00e3o foram atualizados porque, [&hellip;]<\/p>\n","protected":false},"author":96,"featured_media":152179,"comment_status":"closed","ping_status":"closed","sticky":false,"template":"","format":"standard","meta":{"footnotes":""},"categories":[436,440,261,439],"tags":[],"class_list":["post-152176","post","type-post","status-publish","format-standard","has-post-thumbnail","hentry","category-destaque-da-semana","category-destaques-do-dia","category-economia","category-ultima-hora"],"_links":{"self":[{"href":"https:\/\/diarioregionaldigital.com.br\/index.php?rest_route=\/wp\/v2\/posts\/152176","targetHints":{"allow":["GET"]}}],"collection":[{"href":"https:\/\/diarioregionaldigital.com.br\/index.php?rest_route=\/wp\/v2\/posts"}],"about":[{"href":"https:\/\/diarioregionaldigital.com.br\/index.php?rest_route=\/wp\/v2\/types\/post"}],"author":[{"embeddable":true,"href":"https:\/\/diarioregionaldigital.com.br\/index.php?rest_route=\/wp\/v2\/users\/96"}],"replies":[{"embeddable":true,"href":"https:\/\/diarioregionaldigital.com.br\/index.php?rest_route=%2Fwp%2Fv2%2Fcomments&post=152176"}],"version-history":[{"count":0,"href":"https:\/\/diarioregionaldigital.com.br\/index.php?rest_route=\/wp\/v2\/posts\/152176\/revisions"}],"wp:featuredmedia":[{"embeddable":true,"href":"https:\/\/diarioregionaldigital.com.br\/index.php?rest_route=\/wp\/v2\/media\/152179"}],"wp:attachment":[{"href":"https:\/\/diarioregionaldigital.com.br\/index.php?rest_route=%2Fwp%2Fv2%2Fmedia&parent=152176"}],"wp:term":[{"taxonomy":"category","embeddable":true,"href":"https:\/\/diarioregionaldigital.com.br\/index.php?rest_route=%2Fwp%2Fv2%2Fcategories&post=152176"},{"taxonomy":"post_tag","embeddable":true,"href":"https:\/\/diarioregionaldigital.com.br\/index.php?rest_route=%2Fwp%2Fv2%2Ftags&post=152176"}],"curies":[{"name":"wp","href":"https:\/\/api.w.org\/{rel}","templated":true}]}}