{"id":152173,"date":"2019-12-03T16:46:44","date_gmt":"2019-12-03T18:46:44","guid":{"rendered":"https:\/\/diarioregionaldigital.com.br\/?p=152173"},"modified":"2019-12-03T16:46:44","modified_gmt":"2019-12-03T18:46:44","slug":"operacao-natal-settra-realiza-blitz-educativa-com-alunos-do-if-sudeste-nesta-quarta-feira","status":"publish","type":"post","link":"https:\/\/diarioregionaldigital.com.br\/?p=152173","title":{"rendered":"\u201cOpera\u00e7\u00e3o Natal\u201d \u2013 Settra realiza blitz educativa com alunos do IF Sudeste nesta quarta-feira"},"content":{"rendered":"<p>A Secretaria de Transporte e Tr\u00e2nsito (Settra) da Prefeitura de Juiz de Fora (PJF) dar\u00e1 in\u00edcio nesta quarta-feira (4), \u00e0 \u201cOpera\u00e7\u00e3o Natal\u201d. Ser\u00e1 realizada blitz educativa a partir das 14h:00, em parceria com alunos bolsistas do curso t\u00e9cnico em Transporte Rodovi\u00e1rio do Instituto Federal Sudeste de Minas Gerais (IF Sudeste), na Rua Bernardo Mascarenhas, pr\u00f3ximo \u00e0 institui\u00e7\u00e3o de ensino.<\/p>\n<p>Os motoristas que transitarem pela via receber\u00e3o cartas escritas pelos alunos, com pedidos de aten\u00e7\u00e3o, cuidado, gentileza e paci\u00eancia no tr\u00e2nsito. O material foi confeccionado como atividade do \u201cProjeto de Extens\u00e3o Transitar\u201d, do IF Sudeste. Agentes do Departamento de Fiscaliza\u00e7\u00e3o de Transporte e Tr\u00e2nsito (DFTT) da Settra atuar\u00e3o no local, garantindo a seguran\u00e7a dos estudantes.<\/p>\n<p>Durante dezembro, equipes da Supervis\u00e3o de Projetos para a Mobilidade Urbana (Sprem) realizar\u00e3o atividades em v\u00e1rios locais da cidade, com palestras e jogos com conte\u00fados relativos \u00e0 educa\u00e7\u00e3o no tr\u00e2nsito e preven\u00e7\u00e3o de acidentes.<\/p>\n<p>&nbsp;<\/p>\n<p><strong>Fonte:\u00a0<\/strong>Assessoria<\/p>\n","protected":false},"excerpt":{"rendered":"<p>A Secretaria de Transporte e Tr\u00e2nsito (Settra) da Prefeitura de Juiz de Fora (PJF) dar\u00e1 in\u00edcio nesta quarta-feira (4), \u00e0 \u201cOpera\u00e7\u00e3o Natal\u201d. Ser\u00e1 realizada blitz educativa a partir das 14h:00, em parceria com alunos bolsistas do curso t\u00e9cnico em Transporte Rodovi\u00e1rio do Instituto Federal Sudeste de Minas Gerais (IF Sudeste), na Rua Bernardo Mascarenhas, pr\u00f3ximo [&hellip;]<\/p>\n","protected":false},"author":96,"featured_media":152174,"comment_status":"closed","ping_status":"closed","sticky":false,"template":"","format":"standard","meta":{"footnotes":""},"categories":[253,436,439],"tags":[],"class_list":["post-152173","post","type-post","status-publish","format-standard","has-post-thumbnail","hentry","category-cidade","category-destaque-da-semana","category-ultima-hora"],"_links":{"self":[{"href":"https:\/\/diarioregionaldigital.com.br\/index.php?rest_route=\/wp\/v2\/posts\/152173","targetHints":{"allow":["GET"]}}],"collection":[{"href":"https:\/\/diarioregionaldigital.com.br\/index.php?rest_route=\/wp\/v2\/posts"}],"about":[{"href":"https:\/\/diarioregionaldigital.com.br\/index.php?rest_route=\/wp\/v2\/types\/post"}],"author":[{"embeddable":true,"href":"https:\/\/diarioregionaldigital.com.br\/index.php?rest_route=\/wp\/v2\/users\/96"}],"replies":[{"embeddable":true,"href":"https:\/\/diarioregionaldigital.com.br\/index.php?rest_route=%2Fwp%2Fv2%2Fcomments&post=152173"}],"version-history":[{"count":0,"href":"https:\/\/diarioregionaldigital.com.br\/index.php?rest_route=\/wp\/v2\/posts\/152173\/revisions"}],"wp:featuredmedia":[{"embeddable":true,"href":"https:\/\/diarioregionaldigital.com.br\/index.php?rest_route=\/wp\/v2\/media\/152174"}],"wp:attachment":[{"href":"https:\/\/diarioregionaldigital.com.br\/index.php?rest_route=%2Fwp%2Fv2%2Fmedia&parent=152173"}],"wp:term":[{"taxonomy":"category","embeddable":true,"href":"https:\/\/diarioregionaldigital.com.br\/index.php?rest_route=%2Fwp%2Fv2%2Fcategories&post=152173"},{"taxonomy":"post_tag","embeddable":true,"href":"https:\/\/diarioregionaldigital.com.br\/index.php?rest_route=%2Fwp%2Fv2%2Ftags&post=152173"}],"curies":[{"name":"wp","href":"https:\/\/api.w.org\/{rel}","templated":true}]}}