{"id":152165,"date":"2019-12-03T15:26:19","date_gmt":"2019-12-03T17:26:19","guid":{"rendered":"https:\/\/diarioregionaldigital.com.br\/?p=152165"},"modified":"2019-12-03T15:26:19","modified_gmt":"2019-12-03T17:26:19","slug":"camara-divulga-programacao-do-canta-e-encanta","status":"publish","type":"post","link":"https:\/\/diarioregionaldigital.com.br\/?p=152165","title":{"rendered":"C\u00e2mara divulga programa\u00e7\u00e3o do Canta e Encanta"},"content":{"rendered":"<p>Para celebrar o Natal, a C\u00e2mara Municipal de Juiz de Fora divulga a programa\u00e7\u00e3o do \u201cCanta e Encanta\u201d, que acontece na escadaria do pr\u00e9dio do Poder Legislativo. Os eventos, todos gratuitos, acontecem entre os dias 4 e 19 de dezembro. A abertura, na pr\u00f3xima quarta-feira (4), \u00e0s 18h:00, contar\u00e1 com o tradicional Coral do Col\u00e9gio Academia. A diferen\u00e7a em rela\u00e7\u00e3o \u00e0 \u00faltima edi\u00e7\u00e3o do \u201cCanta Encanta\u201d \u00e9 a aus\u00eancia de ornamenta\u00e7\u00e3o: devido aos altos valores para a ilumina\u00e7\u00e3o e decora\u00e7\u00e3o do pr\u00e9dio, a mesa diretora decidiu por n\u00e3o contratar os servi\u00e7os. De acordo com o presidente da C\u00e2mara, vereador Luiz Ot\u00e1vio Fernandes Coelho (Pardal &#8211; PTC), os valores cotados para uma licita\u00e7\u00e3o estavam em aproximadamente R$ 65 mil, e ser\u00e3o acrescidos ao valor a ser devolvido ao Poder Executivo para o investimento na sa\u00fade de Juiz de Fora.<\/p>\n<p>&nbsp;<\/p>\n<p><strong><u>Confira a programa\u00e7\u00e3o<\/u><\/strong><\/p>\n<p><strong>04\/12 &#8211; Quarta-feira<\/strong><br \/>\n18h: Coral do Col\u00e9gio Academia<\/p>\n<p>&nbsp;<\/p>\n<p><strong>05\/12 &#8211; Quinta-feira<\/strong><br \/>\n17h: Coral do Curumim<\/p>\n<p>&nbsp;<\/p>\n<p><strong>11\/12 &#8211; Quarta-feira<\/strong><br \/>\n17h:\u00a0 Banda de M\u00fasica do 10\u00b0 Batalh\u00e3o de Infantaria Leve de Montanha<\/p>\n<p>&nbsp;<\/p>\n<p><strong>17h30: Coral dos Idosos<\/strong><br \/>\n18h: Coral dos Surdos da Arquidiocese de Juiz de Fora<\/p>\n<p>&nbsp;<\/p>\n<p><strong>12\/12 &#8211; Quinta-feira<\/strong><br \/>\n17h:\u00a0 Coral Cesama<\/p>\n<p>&nbsp;<\/p>\n<p><strong>18\/12 &#8211; Quarta-feira<\/strong><br \/>\n17h: Coral Pr\u00f3-M\u00fasica<br \/>\n17h30: Coral 4\u00aa Igreja Presbiteriana\u00a0 de S\u00e3o Mateus<\/p>\n<p>&nbsp;<\/p>\n<p><strong>19\/12 &#8211; Quinta-feira<\/strong><br \/>\n17h:\u00a0 Coral Banda Vinho Novo<\/p>\n<p>&nbsp;<\/p>\n<p><strong>Fonte:<\/strong>\u00a0Assessoria<\/p>\n<p>&nbsp;<\/p>\n","protected":false},"excerpt":{"rendered":"<p>Para celebrar o Natal, a C\u00e2mara Municipal de Juiz de Fora divulga a programa\u00e7\u00e3o do \u201cCanta e Encanta\u201d, que acontece na escadaria do pr\u00e9dio do Poder Legislativo. Os eventos, todos gratuitos, acontecem entre os dias 4 e 19 de dezembro. A abertura, na pr\u00f3xima quarta-feira (4), \u00e0s 18h:00, contar\u00e1 com o tradicional Coral do Col\u00e9gio [&hellip;]<\/p>\n","protected":false},"author":96,"featured_media":152166,"comment_status":"closed","ping_status":"closed","sticky":false,"template":"","format":"standard","meta":{"footnotes":""},"categories":[253,436,439],"tags":[],"class_list":["post-152165","post","type-post","status-publish","format-standard","has-post-thumbnail","hentry","category-cidade","category-destaque-da-semana","category-ultima-hora"],"_links":{"self":[{"href":"https:\/\/diarioregionaldigital.com.br\/index.php?rest_route=\/wp\/v2\/posts\/152165","targetHints":{"allow":["GET"]}}],"collection":[{"href":"https:\/\/diarioregionaldigital.com.br\/index.php?rest_route=\/wp\/v2\/posts"}],"about":[{"href":"https:\/\/diarioregionaldigital.com.br\/index.php?rest_route=\/wp\/v2\/types\/post"}],"author":[{"embeddable":true,"href":"https:\/\/diarioregionaldigital.com.br\/index.php?rest_route=\/wp\/v2\/users\/96"}],"replies":[{"embeddable":true,"href":"https:\/\/diarioregionaldigital.com.br\/index.php?rest_route=%2Fwp%2Fv2%2Fcomments&post=152165"}],"version-history":[{"count":0,"href":"https:\/\/diarioregionaldigital.com.br\/index.php?rest_route=\/wp\/v2\/posts\/152165\/revisions"}],"wp:featuredmedia":[{"embeddable":true,"href":"https:\/\/diarioregionaldigital.com.br\/index.php?rest_route=\/wp\/v2\/media\/152166"}],"wp:attachment":[{"href":"https:\/\/diarioregionaldigital.com.br\/index.php?rest_route=%2Fwp%2Fv2%2Fmedia&parent=152165"}],"wp:term":[{"taxonomy":"category","embeddable":true,"href":"https:\/\/diarioregionaldigital.com.br\/index.php?rest_route=%2Fwp%2Fv2%2Fcategories&post=152165"},{"taxonomy":"post_tag","embeddable":true,"href":"https:\/\/diarioregionaldigital.com.br\/index.php?rest_route=%2Fwp%2Fv2%2Ftags&post=152165"}],"curies":[{"name":"wp","href":"https:\/\/api.w.org\/{rel}","templated":true}]}}