{"id":152152,"date":"2019-12-03T06:00:46","date_gmt":"2019-12-03T08:00:46","guid":{"rendered":"https:\/\/diarioregionaldigital.com.br\/?p=152152"},"modified":"2019-12-02T20:41:00","modified_gmt":"2019-12-02T22:41:00","slug":"prefeitura-municipal-de-tocantins-errata-licitacao-no109-03-12-19","status":"publish","type":"post","link":"https:\/\/diarioregionaldigital.com.br\/?p=152152","title":{"rendered":"Prefeitura Municipal de Tocantins &#8211; Errata &#8211; Licita\u00e7\u00e3o n\u00ba109 &#8211; 03\/12\/19"},"content":{"rendered":"<p style=\"text-align: center;\"><strong>PREFEITURA MUNICIPAL DE TOCANTINS-MG<\/strong><\/p>\n<p style=\"text-align: center;\"><strong>ERRATA<\/strong><\/p>\n<p style=\"text-align: center;\"><strong>LICITA\u00c7\u00c3O PROCESSO N\u00ba109\/2019<\/strong><\/p>\n<p style=\"text-align: center;\"><strong>PREG\u00c3O PRESENCIAL\u00a0 N\u00b0091\/2019<\/strong><\/p>\n<p style=\"text-align: center;\">O Munic\u00edpio de TOCANTINS-MG, na forma da lei, em raz\u00e3o de ter identificado erro material no AVISO DE LICITA\u00c7\u00c3O do Processo N\u00b0109\/2019-Preg\u00e3o 091\/2019, faz saber a todos os interessados, que onde se l\u00ea Tocantins\/MG,29 de Dezembro de 2019, l\u00ea-se Tocantins 29 de novembro de 2019. Permanecendo o presente processo para o dia 13\/12\/2019 , \u00e0s 08:00hs na sala da comiss\u00e3o de licita\u00e7\u00e3o, localizada a Av. Padre Mac\u00e1rio, n\u00b0129 bairro Centro, munic\u00edpio de Tocantins\/MG. Tocantins\/MG 02 de dezembro de 2019.<\/p>\n<p style=\"text-align: center;\">__________________________________<\/p>\n<p style=\"text-align: center;\"><strong>Luis Fernando da Silva Barbosa<\/strong><\/p>\n<p style=\"text-align: center;\"><strong>Pregoeiro<\/strong><\/p>\n","protected":false},"excerpt":{"rendered":"<p>PREFEITURA MUNICIPAL DE TOCANTINS-MG ERRATA LICITA\u00c7\u00c3O PROCESSO N\u00ba109\/2019 PREG\u00c3O PRESENCIAL\u00a0 N\u00b0091\/2019 O Munic\u00edpio de TOCANTINS-MG, na forma da lei, em raz\u00e3o de ter identificado erro material no AVISO DE LICITA\u00c7\u00c3O do Processo N\u00b0109\/2019-Preg\u00e3o 091\/2019, faz saber a todos os interessados, que onde se l\u00ea Tocantins\/MG,29 de Dezembro de 2019, l\u00ea-se Tocantins 29 de novembro de [&hellip;]<\/p>\n","protected":false},"author":96,"featured_media":0,"comment_status":"closed","ping_status":"closed","sticky":false,"template":"","format":"standard","meta":{"footnotes":""},"categories":[307],"tags":[],"class_list":["post-152152","post","type-post","status-publish","format-standard","hentry","category-editais"],"_links":{"self":[{"href":"https:\/\/diarioregionaldigital.com.br\/index.php?rest_route=\/wp\/v2\/posts\/152152","targetHints":{"allow":["GET"]}}],"collection":[{"href":"https:\/\/diarioregionaldigital.com.br\/index.php?rest_route=\/wp\/v2\/posts"}],"about":[{"href":"https:\/\/diarioregionaldigital.com.br\/index.php?rest_route=\/wp\/v2\/types\/post"}],"author":[{"embeddable":true,"href":"https:\/\/diarioregionaldigital.com.br\/index.php?rest_route=\/wp\/v2\/users\/96"}],"replies":[{"embeddable":true,"href":"https:\/\/diarioregionaldigital.com.br\/index.php?rest_route=%2Fwp%2Fv2%2Fcomments&post=152152"}],"version-history":[{"count":0,"href":"https:\/\/diarioregionaldigital.com.br\/index.php?rest_route=\/wp\/v2\/posts\/152152\/revisions"}],"wp:attachment":[{"href":"https:\/\/diarioregionaldigital.com.br\/index.php?rest_route=%2Fwp%2Fv2%2Fmedia&parent=152152"}],"wp:term":[{"taxonomy":"category","embeddable":true,"href":"https:\/\/diarioregionaldigital.com.br\/index.php?rest_route=%2Fwp%2Fv2%2Fcategories&post=152152"},{"taxonomy":"post_tag","embeddable":true,"href":"https:\/\/diarioregionaldigital.com.br\/index.php?rest_route=%2Fwp%2Fv2%2Ftags&post=152152"}],"curies":[{"name":"wp","href":"https:\/\/api.w.org\/{rel}","templated":true}]}}